
{"id":2996,"date":"2020-12-17T01:16:23","date_gmt":"2020-12-17T00:16:23","guid":{"rendered":"https:\/\/przedszkole18.edu.wroclaw.pl\/?p=2996"},"modified":"2020-12-17T01:16:23","modified_gmt":"2020-12-17T00:16:23","slug":"roztanczony-wiolinek","status":"publish","type":"post","link":"https:\/\/przedszkole18.edu.wroclaw.pl\/index.php\/2020\/12\/17\/roztanczony-wiolinek\/","title":{"rendered":"Rozta\u0144czony Wiolinek"},"content":{"rendered":"<p>Drodzy Rodzice,<\/p>\n<p>zapraszamy do obejrzenia nagra\u0144 ta\u0144c\u00f3w dzieci z grup III a i IV. By\u0142o to pierwsze zmierzenie si\u0119 naszych przedszkolak\u00f3w z ta\u0144cem wsp\u00f3\u0142czesnym. Grupa III a wykona\u0142a uk\u0142ad choreograficzny do piosenki <em>Perfect <\/em>Eda Sheerana, a grupa IV zata\u0144czy\u0142a do znanej z zesz\u0142orocznej edycji konkursu <em>Eurowizja Junior 2019<\/em> piosenki<em>\u00a0 Superhero<\/em> \u015bpiewanej przez Viki Gabor.<\/p>\n<p style=\"text-align: center\">Nagrania mo\u017cna obejrze\u0107, klikaj\u0105c w poni\u017csze linki:<\/p>\n<p style=\"text-align: center\"><a href=\"https:\/\/youtu.be\/krS8rLdCUVg\">GRUPA III A<\/a><\/p>\n<p style=\"text-align: center\"><a href=\"https:\/\/youtu.be\/dEHtfa5fV5k\">GRUPA IV<\/a><\/p>\n","protected":false},"excerpt":{"rendered":"<p>Drodzy Rodzice, zapraszamy do obejrzenia nagra\u0144 ta\u0144c\u00f3w dzieci z grup III a i IV. By\u0142o to pierwsze zmierzenie si\u0119 naszych przedszkolak\u00f3w z ta\u0144cem wsp\u00f3\u0142czesnym. Grupa III a wykona\u0142a uk\u0142ad choreograficzny [&hellip;]<\/p>\n","protected":false},"author":105,"featured_media":0,"comment_status":"closed","ping_status":"closed","sticky":false,"template":"","format":"standard","meta":{"ngg_post_thumbnail":0,"footnotes":""},"categories":[3],"tags":[],"class_list":["post-2996","post","type-post","status-publish","format-standard","hentry","category-aktualnosci","clearfix"],"_links":{"self":[{"href":"https:\/\/przedszkole18.edu.wroclaw.pl\/index.php\/wp-json\/wp\/v2\/posts\/2996","targetHints":{"allow":["GET"]}}],"collection":[{"href":"https:\/\/przedszkole18.edu.wroclaw.pl\/index.php\/wp-json\/wp\/v2\/posts"}],"about":[{"href":"https:\/\/przedszkole18.edu.wroclaw.pl\/index.php\/wp-json\/wp\/v2\/types\/post"}],"author":[{"embeddable":true,"href":"https:\/\/przedszkole18.edu.wroclaw.pl\/index.php\/wp-json\/wp\/v2\/users\/105"}],"replies":[{"embeddable":true,"href":"https:\/\/przedszkole18.edu.wroclaw.pl\/index.php\/wp-json\/wp\/v2\/comments?post=2996"}],"version-history":[{"count":2,"href":"https:\/\/przedszkole18.edu.wroclaw.pl\/index.php\/wp-json\/wp\/v2\/posts\/2996\/revisions"}],"predecessor-version":[{"id":2999,"href":"https:\/\/przedszkole18.edu.wroclaw.pl\/index.php\/wp-json\/wp\/v2\/posts\/2996\/revisions\/2999"}],"wp:attachment":[{"href":"https:\/\/przedszkole18.edu.wroclaw.pl\/index.php\/wp-json\/wp\/v2\/media?parent=2996"}],"wp:term":[{"taxonomy":"category","embeddable":true,"href":"https:\/\/przedszkole18.edu.wroclaw.pl\/index.php\/wp-json\/wp\/v2\/categories?post=2996"},{"taxonomy":"post_tag","embeddable":true,"href":"https:\/\/przedszkole18.edu.wroclaw.pl\/index.php\/wp-json\/wp\/v2\/tags?post=2996"}],"curies":[{"name":"wp","href":"https:\/\/api.w.org\/{rel}","templated":true}]}}