
{"id":3000,"date":"2020-12-17T01:24:23","date_gmt":"2020-12-17T00:24:23","guid":{"rendered":"https:\/\/przedszkole18.edu.wroclaw.pl\/?p=3000"},"modified":"2020-12-17T01:24:23","modified_gmt":"2020-12-17T00:24:23","slug":"rodzice-dzieci-z-grup-iii-iv-i-iv-a","status":"publish","type":"post","link":"https:\/\/przedszkole18.edu.wroclaw.pl\/index.php\/2020\/12\/17\/rodzice-dzieci-z-grup-iii-iv-i-iv-a\/","title":{"rendered":"Rodzice dzieci z grup III, IV i IV a!"},"content":{"rendered":"<p>Szanowni Pa\u0144stwo,<\/p>\n<p>w zwi\u0105zku z planowanym na pi\u0105tek, 18.12.2020 nagraniem materia\u0142u na Koncert \u015awi\u0105teczny 2020 online, prosimy o przygotowanie &#8211; w miar\u0119 mo\u017cliwo\u015bci &#8211; dzieciom w tym dniu stroj\u00f3w w kolorze zielonym lub czerwonym (ewentualnie st\u00f3j galowy).<\/p>\n<p style=\"text-align: center\"><strong>INFORMACJA DOTYCZY WY\u0141\u0104CZNIE DZIECI Z GRUP: III, IV i IV a!<\/strong><\/p>\n<p>&nbsp;<\/p>\n<p style=\"text-align: right\">Z przed\u015bwi\u0105tecznymi pozdrowieniami<\/p>\n<p style=\"text-align: right\">Nauczyciele muzyki<\/p>\n","protected":false},"excerpt":{"rendered":"<p>Szanowni Pa\u0144stwo, w zwi\u0105zku z planowanym na pi\u0105tek, 18.12.2020 nagraniem materia\u0142u na Koncert \u015awi\u0105teczny 2020 online, prosimy o przygotowanie &#8211; w miar\u0119 mo\u017cliwo\u015bci &#8211; dzieciom w tym dniu stroj\u00f3w w [&hellip;]<\/p>\n","protected":false},"author":105,"featured_media":629,"comment_status":"closed","ping_status":"closed","sticky":false,"template":"","format":"standard","meta":{"ngg_post_thumbnail":0,"footnotes":""},"categories":[3],"tags":[],"class_list":["post-3000","post","type-post","status-publish","format-standard","has-post-thumbnail","hentry","category-aktualnosci","clearfix"],"_links":{"self":[{"href":"https:\/\/przedszkole18.edu.wroclaw.pl\/index.php\/wp-json\/wp\/v2\/posts\/3000","targetHints":{"allow":["GET"]}}],"collection":[{"href":"https:\/\/przedszkole18.edu.wroclaw.pl\/index.php\/wp-json\/wp\/v2\/posts"}],"about":[{"href":"https:\/\/przedszkole18.edu.wroclaw.pl\/index.php\/wp-json\/wp\/v2\/types\/post"}],"author":[{"embeddable":true,"href":"https:\/\/przedszkole18.edu.wroclaw.pl\/index.php\/wp-json\/wp\/v2\/users\/105"}],"replies":[{"embeddable":true,"href":"https:\/\/przedszkole18.edu.wroclaw.pl\/index.php\/wp-json\/wp\/v2\/comments?post=3000"}],"version-history":[{"count":1,"href":"https:\/\/przedszkole18.edu.wroclaw.pl\/index.php\/wp-json\/wp\/v2\/posts\/3000\/revisions"}],"predecessor-version":[{"id":3001,"href":"https:\/\/przedszkole18.edu.wroclaw.pl\/index.php\/wp-json\/wp\/v2\/posts\/3000\/revisions\/3001"}],"wp:featuredmedia":[{"embeddable":true,"href":"https:\/\/przedszkole18.edu.wroclaw.pl\/index.php\/wp-json\/wp\/v2\/media\/629"}],"wp:attachment":[{"href":"https:\/\/przedszkole18.edu.wroclaw.pl\/index.php\/wp-json\/wp\/v2\/media?parent=3000"}],"wp:term":[{"taxonomy":"category","embeddable":true,"href":"https:\/\/przedszkole18.edu.wroclaw.pl\/index.php\/wp-json\/wp\/v2\/categories?post=3000"},{"taxonomy":"post_tag","embeddable":true,"href":"https:\/\/przedszkole18.edu.wroclaw.pl\/index.php\/wp-json\/wp\/v2\/tags?post=3000"}],"curies":[{"name":"wp","href":"https:\/\/api.w.org\/{rel}","templated":true}]}}