
{"id":3027,"date":"2020-12-20T20:31:25","date_gmt":"2020-12-20T19:31:25","guid":{"rendered":"https:\/\/przedszkole18.edu.wroclaw.pl\/?p=3027"},"modified":"2020-12-20T20:31:25","modified_gmt":"2020-12-20T19:31:25","slug":"podsumowanie-akcji-kartka-dla-seniora","status":"publish","type":"post","link":"https:\/\/przedszkole18.edu.wroclaw.pl\/index.php\/2020\/12\/20\/podsumowanie-akcji-kartka-dla-seniora\/","title":{"rendered":"PODSUMOWANIE AKCJI &#8222;KARTKA DLA SENIORA&#8221;"},"content":{"rendered":"<p><span style=\"color: #000000\"><strong><span style=\"font-size: 14pt\">Serdecznie dzi\u0119kujemy za kartki \u015bwi\u0105teczne, kt\u00f3re przygotowali\u015bcie Pa\u0144stwo wraz z dzie\u0107mi w ramach akcji Caritas &#8222;Paczka dla seniora&#8221;. Wszystkie kartki zosta\u0142y przekazane w\/w organizacji (w sumie 27 prac) i wzbogac\u0105 paczki dla senior\u00f3w z dom\u00f3w pomocy spo\u0142ecznej na terenie Dolnego \u015al\u0105ska.<\/span><\/strong><\/span><\/p>\n<p><a href=\"https:\/\/przedszkole18.edu.wroclaw.pl\/wp-content\/uploads\/sites\/36\/2020\/11\/unnamed.gif\"><img loading=\"lazy\" decoding=\"async\" class=\"size-medium wp-image-2873 aligncenter\" src=\"https:\/\/przedszkole18.edu.wroclaw.pl\/wp-content\/uploads\/sites\/36\/2020\/11\/unnamed-300x240.gif\" alt=\"\" width=\"300\" height=\"240\" \/><\/a><\/p>\n","protected":false},"excerpt":{"rendered":"<p>Serdecznie dzi\u0119kujemy za kartki \u015bwi\u0105teczne, kt\u00f3re przygotowali\u015bcie Pa\u0144stwo wraz z dzie\u0107mi w ramach akcji Caritas &#8222;Paczka dla seniora&#8221;. Wszystkie kartki zosta\u0142y przekazane w\/w organizacji (w sumie 27 prac) i wzbogac\u0105 [&hellip;]<\/p>\n","protected":false},"author":108,"featured_media":940,"comment_status":"closed","ping_status":"closed","sticky":false,"template":"","format":"standard","meta":{"ngg_post_thumbnail":0,"footnotes":""},"categories":[3],"tags":[],"class_list":["post-3027","post","type-post","status-publish","format-standard","has-post-thumbnail","hentry","category-aktualnosci","clearfix"],"_links":{"self":[{"href":"https:\/\/przedszkole18.edu.wroclaw.pl\/index.php\/wp-json\/wp\/v2\/posts\/3027","targetHints":{"allow":["GET"]}}],"collection":[{"href":"https:\/\/przedszkole18.edu.wroclaw.pl\/index.php\/wp-json\/wp\/v2\/posts"}],"about":[{"href":"https:\/\/przedszkole18.edu.wroclaw.pl\/index.php\/wp-json\/wp\/v2\/types\/post"}],"author":[{"embeddable":true,"href":"https:\/\/przedszkole18.edu.wroclaw.pl\/index.php\/wp-json\/wp\/v2\/users\/108"}],"replies":[{"embeddable":true,"href":"https:\/\/przedszkole18.edu.wroclaw.pl\/index.php\/wp-json\/wp\/v2\/comments?post=3027"}],"version-history":[{"count":1,"href":"https:\/\/przedszkole18.edu.wroclaw.pl\/index.php\/wp-json\/wp\/v2\/posts\/3027\/revisions"}],"predecessor-version":[{"id":3028,"href":"https:\/\/przedszkole18.edu.wroclaw.pl\/index.php\/wp-json\/wp\/v2\/posts\/3027\/revisions\/3028"}],"wp:featuredmedia":[{"embeddable":true,"href":"https:\/\/przedszkole18.edu.wroclaw.pl\/index.php\/wp-json\/wp\/v2\/media\/940"}],"wp:attachment":[{"href":"https:\/\/przedszkole18.edu.wroclaw.pl\/index.php\/wp-json\/wp\/v2\/media?parent=3027"}],"wp:term":[{"taxonomy":"category","embeddable":true,"href":"https:\/\/przedszkole18.edu.wroclaw.pl\/index.php\/wp-json\/wp\/v2\/categories?post=3027"},{"taxonomy":"post_tag","embeddable":true,"href":"https:\/\/przedszkole18.edu.wroclaw.pl\/index.php\/wp-json\/wp\/v2\/tags?post=3027"}],"curies":[{"name":"wp","href":"https:\/\/api.w.org\/{rel}","templated":true}]}}