
{"id":3074,"date":"2020-12-24T02:04:19","date_gmt":"2020-12-24T01:04:19","guid":{"rendered":"https:\/\/przedszkole18.edu.wroclaw.pl\/?p=3074"},"modified":"2020-12-24T02:04:19","modified_gmt":"2020-12-24T01:04:19","slug":"swietujmy-muzycznie-z-wiolinkiem","status":"publish","type":"post","link":"https:\/\/przedszkole18.edu.wroclaw.pl\/index.php\/2020\/12\/24\/swietujmy-muzycznie-z-wiolinkiem\/","title":{"rendered":"\u015awi\u0119tujmy muzycznie z Wiolinkiem!"},"content":{"rendered":"<p><strong>Szanowni Pa\u0144stwo, Drodzy Rodzice,<\/strong><\/p>\n<p>ju\u017c nied\u0142ugo zapewne wi\u0119kszo\u015b\u0107 z nas si\u0105dzie z najbli\u017cszymi do wigilijnego sto\u0142u i rozpocznie wsp\u00f3lne \u015bwi\u0119towanie. W tym roku mo\u017ce inaczej, mo\u017ce skromniej &#8211; w okrojonym gronie, ale jednak razem. Chocia\u017c aura za oknem w tym nie pomaga, zbudujmy z naszymi Pociechami magi\u0119 tych \u015bwi\u0105t &#8211; poszukajmy razem wsp\u00f3lnego czasu, kt\u00f3rego cz\u0119sto tak bardzo nam wszystkim brakuje, zapomnijmy cho\u0107 na chwil\u0119 o troskach i wszystkim, co przyni\u00f3s\u0142 nam ten &#8211; szcz\u0119\u015bliwie mijaj\u0105cy ju\u017c &#8211; dziwny rok&#8230;<\/p>\n<p>Jedn\u0105 z tych rzeczy, kt\u00f3re od zawsze \u0142\u0105czy\u0142y ludzi jest wsp\u00f3lny \u015bpiew &#8211; a w czasie \u015bwi\u0105tecznym: wsp\u00f3lne kol\u0119dowanie. Zapro\u015bmy kol\u0119dy do naszego wigilijnego sto\u0142u, bo przecie\u017c kol\u0119da &#8211; jak powiedzia\u0142 kiedy\u015b W\u0142odzimierz Korcz &#8211; <em>to wsp\u00f3lne \u015bpiewanie, to wiara w rzeczywisto\u015b\u0107 pe\u0142n\u0105 nadziei, prostych rado\u015bci i \u0142adnych smutk\u00f3w. Dlatego powinni\u015bmy sobie wszyscy nawzajem \u017cyczy\u0107 wi\u0119cej kol\u0119dy, a nawet i pastora\u0142ki w naszym \u017cyciu&#8230;<\/em><\/p>\n<p>Przy\u0142\u0105czaj\u0105c si\u0119 do \u017cycze\u0144 kompozytora, przesy\u0142amy Pa\u0144stwu nagranie \u015bwi\u0105tecznych prezentacji naszych Przedszkolak\u00f3w, jako radosny i pe\u0142en optymizmu start w nadchodz\u0105cy \u015bwi\u0105teczny czas:<\/p>\n<p><iframe loading=\"lazy\" title=\"Bo\u017ce Narodzenie z Wiolinkiem!\" width=\"500\" height=\"281\" src=\"https:\/\/www.youtube.com\/embed\/bS4kJTXuqkw?feature=oembed\" frameborder=\"0\" allow=\"accelerometer; autoplay; clipboard-write; encrypted-media; gyroscope; picture-in-picture; web-share\" referrerpolicy=\"strict-origin-when-cross-origin\" allowfullscreen><\/iframe><\/p>\n<p>&nbsp;<\/p>\n<p style=\"text-align: right\">nauczyciele muzyki<\/p>\n","protected":false},"excerpt":{"rendered":"<p>Szanowni Pa\u0144stwo, Drodzy Rodzice, ju\u017c nied\u0142ugo zapewne wi\u0119kszo\u015b\u0107 z nas si\u0105dzie z najbli\u017cszymi do wigilijnego sto\u0142u i rozpocznie wsp\u00f3lne \u015bwi\u0119towanie. W tym roku mo\u017ce inaczej, mo\u017ce skromniej &#8211; w okrojonym [&hellip;]<\/p>\n","protected":false},"author":105,"featured_media":0,"comment_status":"closed","ping_status":"closed","sticky":false,"template":"","format":"standard","meta":{"ngg_post_thumbnail":0,"footnotes":""},"categories":[3],"tags":[],"class_list":["post-3074","post","type-post","status-publish","format-standard","hentry","category-aktualnosci","clearfix"],"_links":{"self":[{"href":"https:\/\/przedszkole18.edu.wroclaw.pl\/index.php\/wp-json\/wp\/v2\/posts\/3074","targetHints":{"allow":["GET"]}}],"collection":[{"href":"https:\/\/przedszkole18.edu.wroclaw.pl\/index.php\/wp-json\/wp\/v2\/posts"}],"about":[{"href":"https:\/\/przedszkole18.edu.wroclaw.pl\/index.php\/wp-json\/wp\/v2\/types\/post"}],"author":[{"embeddable":true,"href":"https:\/\/przedszkole18.edu.wroclaw.pl\/index.php\/wp-json\/wp\/v2\/users\/105"}],"replies":[{"embeddable":true,"href":"https:\/\/przedszkole18.edu.wroclaw.pl\/index.php\/wp-json\/wp\/v2\/comments?post=3074"}],"version-history":[{"count":1,"href":"https:\/\/przedszkole18.edu.wroclaw.pl\/index.php\/wp-json\/wp\/v2\/posts\/3074\/revisions"}],"predecessor-version":[{"id":3075,"href":"https:\/\/przedszkole18.edu.wroclaw.pl\/index.php\/wp-json\/wp\/v2\/posts\/3074\/revisions\/3075"}],"wp:attachment":[{"href":"https:\/\/przedszkole18.edu.wroclaw.pl\/index.php\/wp-json\/wp\/v2\/media?parent=3074"}],"wp:term":[{"taxonomy":"category","embeddable":true,"href":"https:\/\/przedszkole18.edu.wroclaw.pl\/index.php\/wp-json\/wp\/v2\/categories?post=3074"},{"taxonomy":"post_tag","embeddable":true,"href":"https:\/\/przedszkole18.edu.wroclaw.pl\/index.php\/wp-json\/wp\/v2\/tags?post=3074"}],"curies":[{"name":"wp","href":"https:\/\/api.w.org\/{rel}","templated":true}]}}