
{"id":3078,"date":"2020-12-29T18:23:24","date_gmt":"2020-12-29T17:23:24","guid":{"rendered":"https:\/\/przedszkole18.edu.wroclaw.pl\/?p=3078"},"modified":"2020-12-29T18:23:24","modified_gmt":"2020-12-29T17:23:24","slug":"serdecznie-dziekujemy","status":"publish","type":"post","link":"https:\/\/przedszkole18.edu.wroclaw.pl\/index.php\/2020\/12\/29\/serdecznie-dziekujemy\/","title":{"rendered":"SERDECZNIE DZI\u0118KUJEMY"},"content":{"rendered":"<p><span style=\"color: #000080\"><strong><span style=\"font-size: 14pt\">DRODZY RODZICE, KOCHANE DZIECI<\/span><\/strong><\/span><\/p>\n<p><span style=\"color: #000000;font-size: 14pt\"><strong>Serdecznie dzi\u0119kujemy w imieniu Fundacji &#8222;Matuzalki&#8221; za wsparcie akcji <\/strong><\/span><\/p>\n<p><span style=\"color: #000000;font-size: 14pt\"><strong>&#8222;Paczka dla podopiecznych schroniska&#8221;<\/strong><\/span><\/p>\n<p><span style=\"color: #000000;font-size: 14pt\"><strong>\u00a0Poka\u017ana paczka puszek i innych produkt\u00f3w z karm\u0105 dla zwierz\u0105t zosta\u0142a przekazana fundacji i na pewno urozmaici diet\u0119 schorowanych piesk\u00f3w.<\/strong><\/span><\/p>\n<p><span style=\"color: #000000;font-size: 14pt\"><strong>Serdecznie dzi\u0119kujemy za\u00a0 wsparcie.<\/strong><\/span><\/p>\n<p><a href=\"https:\/\/przedszkole18.edu.wroclaw.pl\/wp-content\/uploads\/sites\/36\/2020\/03\/dla-Was.jpg\"><img loading=\"lazy\" decoding=\"async\" class=\"size-medium wp-image-940 aligncenter\" src=\"https:\/\/przedszkole18.edu.wroclaw.pl\/wp-content\/uploads\/sites\/36\/2020\/03\/dla-Was-200x300.jpg\" alt=\"\" width=\"200\" height=\"300\" srcset=\"https:\/\/przedszkole18.edu.wroclaw.pl\/wp-content\/uploads\/sites\/36\/2020\/03\/dla-Was-200x300.jpg 200w, https:\/\/przedszkole18.edu.wroclaw.pl\/wp-content\/uploads\/sites\/36\/2020\/03\/dla-Was-683x1024.jpg 683w, https:\/\/przedszkole18.edu.wroclaw.pl\/wp-content\/uploads\/sites\/36\/2020\/03\/dla-Was-768x1152.jpg 768w, https:\/\/przedszkole18.edu.wroclaw.pl\/wp-content\/uploads\/sites\/36\/2020\/03\/dla-Was-600x900.jpg 600w, https:\/\/przedszkole18.edu.wroclaw.pl\/wp-content\/uploads\/sites\/36\/2020\/03\/dla-Was-1024x1536.jpg 1024w, https:\/\/przedszkole18.edu.wroclaw.pl\/wp-content\/uploads\/sites\/36\/2020\/03\/dla-Was-624x936.jpg 624w, https:\/\/przedszkole18.edu.wroclaw.pl\/wp-content\/uploads\/sites\/36\/2020\/03\/dla-Was.jpg 1200w\" sizes=\"auto, (max-width: 200px) 100vw, 200px\" \/><\/a><\/p>\n<p>&nbsp;<\/p>\n","protected":false},"excerpt":{"rendered":"<p>DRODZY RODZICE, KOCHANE DZIECI Serdecznie dzi\u0119kujemy w imieniu Fundacji &#8222;Matuzalki&#8221; za wsparcie akcji &#8222;Paczka dla podopiecznych schroniska&#8221; \u00a0Poka\u017ana paczka puszek i innych produkt\u00f3w z karm\u0105 dla zwierz\u0105t zosta\u0142a przekazana fundacji [&hellip;]<\/p>\n","protected":false},"author":108,"featured_media":1189,"comment_status":"closed","ping_status":"closed","sticky":false,"template":"","format":"standard","meta":{"ngg_post_thumbnail":0,"footnotes":""},"categories":[3],"tags":[],"class_list":["post-3078","post","type-post","status-publish","format-standard","has-post-thumbnail","hentry","category-aktualnosci","clearfix"],"_links":{"self":[{"href":"https:\/\/przedszkole18.edu.wroclaw.pl\/index.php\/wp-json\/wp\/v2\/posts\/3078","targetHints":{"allow":["GET"]}}],"collection":[{"href":"https:\/\/przedszkole18.edu.wroclaw.pl\/index.php\/wp-json\/wp\/v2\/posts"}],"about":[{"href":"https:\/\/przedszkole18.edu.wroclaw.pl\/index.php\/wp-json\/wp\/v2\/types\/post"}],"author":[{"embeddable":true,"href":"https:\/\/przedszkole18.edu.wroclaw.pl\/index.php\/wp-json\/wp\/v2\/users\/108"}],"replies":[{"embeddable":true,"href":"https:\/\/przedszkole18.edu.wroclaw.pl\/index.php\/wp-json\/wp\/v2\/comments?post=3078"}],"version-history":[{"count":1,"href":"https:\/\/przedszkole18.edu.wroclaw.pl\/index.php\/wp-json\/wp\/v2\/posts\/3078\/revisions"}],"predecessor-version":[{"id":3079,"href":"https:\/\/przedszkole18.edu.wroclaw.pl\/index.php\/wp-json\/wp\/v2\/posts\/3078\/revisions\/3079"}],"wp:featuredmedia":[{"embeddable":true,"href":"https:\/\/przedszkole18.edu.wroclaw.pl\/index.php\/wp-json\/wp\/v2\/media\/1189"}],"wp:attachment":[{"href":"https:\/\/przedszkole18.edu.wroclaw.pl\/index.php\/wp-json\/wp\/v2\/media?parent=3078"}],"wp:term":[{"taxonomy":"category","embeddable":true,"href":"https:\/\/przedszkole18.edu.wroclaw.pl\/index.php\/wp-json\/wp\/v2\/categories?post=3078"},{"taxonomy":"post_tag","embeddable":true,"href":"https:\/\/przedszkole18.edu.wroclaw.pl\/index.php\/wp-json\/wp\/v2\/tags?post=3078"}],"curies":[{"name":"wp","href":"https:\/\/api.w.org\/{rel}","templated":true}]}}