
{"id":3081,"date":"2020-12-30T13:27:48","date_gmt":"2020-12-30T12:27:48","guid":{"rendered":"https:\/\/przedszkole18.edu.wroclaw.pl\/?p=3081"},"modified":"2020-12-30T13:27:48","modified_gmt":"2020-12-30T12:27:48","slug":"szanowni-panstwo-9","status":"publish","type":"post","link":"https:\/\/przedszkole18.edu.wroclaw.pl\/index.php\/2020\/12\/30\/szanowni-panstwo-9\/","title":{"rendered":"Szanowni Pa\u0144stwo!"},"content":{"rendered":"<p><span style=\"color: #800080;font-size: 18pt\"><em><strong><span style=\"font-size: 14pt\">Z okazji zbli\u017caj\u0105cego si\u0119 Nowego Roku, \u017cycz\u0119 Pa\u0144stwu,\u00a0 spokoju,\u00a0 \u017cyczliwo\u015bci i\u00a0 blisko\u015bci drugiego cz\u0142owieka. Niech si\u0119 spe\u0142ni\u0105 nadzieje wszystkich,\u00a0 na nowy, lepszy czas.\u00a0 Kochani\u00a0 \u017cycz\u0119 wszystkim nam,\u00a0 poczucie pewno\u015bci jutra, spokoju i rado\u015bci.\u00a0<\/span><\/strong><\/em><\/span><\/p>\n<p><span style=\"color: #800080;font-size: 18pt\"><em><strong> <span style=\"font-size: 12pt;color: #008000\">Pozdrawiam serdecznie Lidia Walczak-I\u017cycka\u00a0<\/span><\/strong> <\/em><\/span><\/p>\n","protected":false},"excerpt":{"rendered":"<p>Z okazji zbli\u017caj\u0105cego si\u0119 Nowego Roku, \u017cycz\u0119 Pa\u0144stwu,\u00a0 spokoju,\u00a0 \u017cyczliwo\u015bci i\u00a0 blisko\u015bci drugiego cz\u0142owieka. Niech si\u0119 spe\u0142ni\u0105 nadzieje wszystkich,\u00a0 na nowy, lepszy czas.\u00a0 Kochani\u00a0 \u017cycz\u0119 wszystkim nam,\u00a0 poczucie pewno\u015bci jutra, [&hellip;]<\/p>\n","protected":false},"author":115,"featured_media":0,"comment_status":"closed","ping_status":"closed","sticky":false,"template":"","format":"standard","meta":{"ngg_post_thumbnail":0,"footnotes":""},"categories":[3],"tags":[],"class_list":["post-3081","post","type-post","status-publish","format-standard","hentry","category-aktualnosci","clearfix"],"_links":{"self":[{"href":"https:\/\/przedszkole18.edu.wroclaw.pl\/index.php\/wp-json\/wp\/v2\/posts\/3081","targetHints":{"allow":["GET"]}}],"collection":[{"href":"https:\/\/przedszkole18.edu.wroclaw.pl\/index.php\/wp-json\/wp\/v2\/posts"}],"about":[{"href":"https:\/\/przedszkole18.edu.wroclaw.pl\/index.php\/wp-json\/wp\/v2\/types\/post"}],"author":[{"embeddable":true,"href":"https:\/\/przedszkole18.edu.wroclaw.pl\/index.php\/wp-json\/wp\/v2\/users\/115"}],"replies":[{"embeddable":true,"href":"https:\/\/przedszkole18.edu.wroclaw.pl\/index.php\/wp-json\/wp\/v2\/comments?post=3081"}],"version-history":[{"count":1,"href":"https:\/\/przedszkole18.edu.wroclaw.pl\/index.php\/wp-json\/wp\/v2\/posts\/3081\/revisions"}],"predecessor-version":[{"id":3082,"href":"https:\/\/przedszkole18.edu.wroclaw.pl\/index.php\/wp-json\/wp\/v2\/posts\/3081\/revisions\/3082"}],"wp:attachment":[{"href":"https:\/\/przedszkole18.edu.wroclaw.pl\/index.php\/wp-json\/wp\/v2\/media?parent=3081"}],"wp:term":[{"taxonomy":"category","embeddable":true,"href":"https:\/\/przedszkole18.edu.wroclaw.pl\/index.php\/wp-json\/wp\/v2\/categories?post=3081"},{"taxonomy":"post_tag","embeddable":true,"href":"https:\/\/przedszkole18.edu.wroclaw.pl\/index.php\/wp-json\/wp\/v2\/tags?post=3081"}],"curies":[{"name":"wp","href":"https:\/\/api.w.org\/{rel}","templated":true}]}}