
{"id":3202,"date":"2021-01-21T09:27:20","date_gmt":"2021-01-21T08:27:20","guid":{"rendered":"https:\/\/przedszkole18.edu.wroclaw.pl\/?p=3202"},"modified":"2021-01-21T09:27:20","modified_gmt":"2021-01-21T08:27:20","slug":"wazne-4","status":"publish","type":"post","link":"https:\/\/przedszkole18.edu.wroclaw.pl\/index.php\/2021\/01\/21\/wazne-4\/","title":{"rendered":"Wa\u017cne!"},"content":{"rendered":"<p><span style=\"color: #ff0000\"><strong><span style=\"font-size: 14pt\">Szanowni Pa\u0144stwo w dniu dzisiejszym w obr\u0119bie Pl. Grunwaldzki i okolice, planowane s\u0105 wy\u0142\u0105czenia energii elektrycznej.\u00a0 Na ten moment, funkcjonujemy,\u00a0 brak energii doskwiera\u0142 nam przez kr\u00f3tki czas.\u00a0 Mamy nadziej\u0119, \u017ce w dalsza cz\u0119\u015b\u0107\u00a0 dnia,\u00a0 up\u0142ynie nam bez niespodzianek. <\/span><\/strong><\/span><\/p>\n<p><span style=\"color: #008000\"><strong><span style=\"font-size: 14pt\">Ewentualne wy\u0142\u0105czenia pr\u0105du, mog\u0105\u00a0 utrudni\u0107\u00a0 kontakt\u00a0 z plac\u00f3wk\u0105, w takiej sytuacji\u00a0 prosz\u0119 dzwoni\u0107 na telefon s\u0142u\u017cbowy dyrektora plac\u00f3wki. Pozdrawiam i \u017cycz\u0119 zdrowia. Lidia Walczak-I\u017cycka tel. 728 520 159<\/span><\/strong><\/span><\/p>\n","protected":false},"excerpt":{"rendered":"<p>Szanowni Pa\u0144stwo w dniu dzisiejszym w obr\u0119bie Pl. Grunwaldzki i okolice, planowane s\u0105 wy\u0142\u0105czenia energii elektrycznej.\u00a0 Na ten moment, funkcjonujemy,\u00a0 brak energii doskwiera\u0142 nam przez kr\u00f3tki czas.\u00a0 Mamy nadziej\u0119, \u017ce [&hellip;]<\/p>\n","protected":false},"author":115,"featured_media":0,"comment_status":"closed","ping_status":"closed","sticky":false,"template":"","format":"standard","meta":{"ngg_post_thumbnail":0,"footnotes":""},"categories":[3],"tags":[],"class_list":["post-3202","post","type-post","status-publish","format-standard","hentry","category-aktualnosci","clearfix"],"_links":{"self":[{"href":"https:\/\/przedszkole18.edu.wroclaw.pl\/index.php\/wp-json\/wp\/v2\/posts\/3202","targetHints":{"allow":["GET"]}}],"collection":[{"href":"https:\/\/przedszkole18.edu.wroclaw.pl\/index.php\/wp-json\/wp\/v2\/posts"}],"about":[{"href":"https:\/\/przedszkole18.edu.wroclaw.pl\/index.php\/wp-json\/wp\/v2\/types\/post"}],"author":[{"embeddable":true,"href":"https:\/\/przedszkole18.edu.wroclaw.pl\/index.php\/wp-json\/wp\/v2\/users\/115"}],"replies":[{"embeddable":true,"href":"https:\/\/przedszkole18.edu.wroclaw.pl\/index.php\/wp-json\/wp\/v2\/comments?post=3202"}],"version-history":[{"count":1,"href":"https:\/\/przedszkole18.edu.wroclaw.pl\/index.php\/wp-json\/wp\/v2\/posts\/3202\/revisions"}],"predecessor-version":[{"id":3203,"href":"https:\/\/przedszkole18.edu.wroclaw.pl\/index.php\/wp-json\/wp\/v2\/posts\/3202\/revisions\/3203"}],"wp:attachment":[{"href":"https:\/\/przedszkole18.edu.wroclaw.pl\/index.php\/wp-json\/wp\/v2\/media?parent=3202"}],"wp:term":[{"taxonomy":"category","embeddable":true,"href":"https:\/\/przedszkole18.edu.wroclaw.pl\/index.php\/wp-json\/wp\/v2\/categories?post=3202"},{"taxonomy":"post_tag","embeddable":true,"href":"https:\/\/przedszkole18.edu.wroclaw.pl\/index.php\/wp-json\/wp\/v2\/tags?post=3202"}],"curies":[{"name":"wp","href":"https:\/\/api.w.org\/{rel}","templated":true}]}}