
{"id":3209,"date":"2021-01-23T23:32:34","date_gmt":"2021-01-23T22:32:34","guid":{"rendered":"https:\/\/przedszkole18.edu.wroclaw.pl\/?p=3209"},"modified":"2021-01-24T14:53:31","modified_gmt":"2021-01-24T13:53:31","slug":"wiolinek-swietuje-dzien-babci-i-dziadka","status":"publish","type":"post","link":"https:\/\/przedszkole18.edu.wroclaw.pl\/index.php\/2021\/01\/23\/wiolinek-swietuje-dzien-babci-i-dziadka\/","title":{"rendered":"Wiolinek \u015bwi\u0119tuje Dzie\u0144 Babci i Dziadka!"},"content":{"rendered":"<p>Szanowni Pa\u0144stwo, Drodzy Rodzice i Dziadkowie,<\/p>\n<p>niestety nieust\u0119pliwy wirus nadal nie pozwala nam si\u0119 spotka\u0107 na \u017cywo w przedszkolu, dlatego i tym razem \u0142\u0105czymy si\u0119 z Pa\u0144stwem za po\u015brednictwem Internetu i przekazujemy wraz z naszymi wychowankami moc najlepszych \u017cycze\u0144 dla wszystkich Bab\u0107 i Dziadk\u00f3w!<\/p>\n<p>Zapraszamy do obejrzenia programu w wykonaniu dzieci z grup I i II. \u017byczymy mi\u0142ego odbioru!<\/p>\n<p><a href=\"https:\/\/youtu.be\/f207FKOPI1Y\">https:\/\/youtu.be\/f207FKOPI1Y<\/a><\/p>\n","protected":false},"excerpt":{"rendered":"<p>Szanowni Pa\u0144stwo, Drodzy Rodzice i Dziadkowie, niestety nieust\u0119pliwy wirus nadal nie pozwala nam si\u0119 spotka\u0107 na \u017cywo w przedszkolu, dlatego i tym razem \u0142\u0105czymy si\u0119 z Pa\u0144stwem za po\u015brednictwem Internetu [&hellip;]<\/p>\n","protected":false},"author":105,"featured_media":0,"comment_status":"closed","ping_status":"closed","sticky":false,"template":"","format":"standard","meta":{"ngg_post_thumbnail":0,"footnotes":""},"categories":[3],"tags":[],"class_list":["post-3209","post","type-post","status-publish","format-standard","hentry","category-aktualnosci","clearfix"],"_links":{"self":[{"href":"https:\/\/przedszkole18.edu.wroclaw.pl\/index.php\/wp-json\/wp\/v2\/posts\/3209","targetHints":{"allow":["GET"]}}],"collection":[{"href":"https:\/\/przedszkole18.edu.wroclaw.pl\/index.php\/wp-json\/wp\/v2\/posts"}],"about":[{"href":"https:\/\/przedszkole18.edu.wroclaw.pl\/index.php\/wp-json\/wp\/v2\/types\/post"}],"author":[{"embeddable":true,"href":"https:\/\/przedszkole18.edu.wroclaw.pl\/index.php\/wp-json\/wp\/v2\/users\/105"}],"replies":[{"embeddable":true,"href":"https:\/\/przedszkole18.edu.wroclaw.pl\/index.php\/wp-json\/wp\/v2\/comments?post=3209"}],"version-history":[{"count":3,"href":"https:\/\/przedszkole18.edu.wroclaw.pl\/index.php\/wp-json\/wp\/v2\/posts\/3209\/revisions"}],"predecessor-version":[{"id":3215,"href":"https:\/\/przedszkole18.edu.wroclaw.pl\/index.php\/wp-json\/wp\/v2\/posts\/3209\/revisions\/3215"}],"wp:attachment":[{"href":"https:\/\/przedszkole18.edu.wroclaw.pl\/index.php\/wp-json\/wp\/v2\/media?parent=3209"}],"wp:term":[{"taxonomy":"category","embeddable":true,"href":"https:\/\/przedszkole18.edu.wroclaw.pl\/index.php\/wp-json\/wp\/v2\/categories?post=3209"},{"taxonomy":"post_tag","embeddable":true,"href":"https:\/\/przedszkole18.edu.wroclaw.pl\/index.php\/wp-json\/wp\/v2\/tags?post=3209"}],"curies":[{"name":"wp","href":"https:\/\/api.w.org\/{rel}","templated":true}]}}