
{"id":3212,"date":"2021-01-23T23:34:23","date_gmt":"2021-01-23T22:34:23","guid":{"rendered":"https:\/\/przedszkole18.edu.wroclaw.pl\/?p=3212"},"modified":"2021-01-24T14:55:21","modified_gmt":"2021-01-24T13:55:21","slug":"wiolinek-swietuje-dzien-babci-i-dziadka-2","status":"publish","type":"post","link":"https:\/\/przedszkole18.edu.wroclaw.pl\/index.php\/2021\/01\/23\/wiolinek-swietuje-dzien-babci-i-dziadka-2\/","title":{"rendered":"Wiolinek \u015bwi\u0119tuje Dzie\u0144 Babci i Dziadka!"},"content":{"rendered":"<p>Szanowni Pa\u0144stwo, Drodzy Rodzice i Dziadkowie,<br \/>\nniestety nieust\u0119pliwy wirus nadal nie pozwala nam si\u0119 spotka\u0107 na \u017cywo w przedszkolu, dlatego i tym razem \u0142\u0105czymy si\u0119 z Pa\u0144stwem za po\u015brednictwem internetu i przekazujemy wraz z naszymi wychowankami moc najlepszych \u017cycze\u0144 dla wszystkich Bab\u0107 i Dziadk\u00f3w!<br \/>\nZapraszamy do obejrzenia programu w wykonaniu dzieci z grup III, III a, IV i IV a. \u017byczymy mi\u0142ego odbioru!<\/p>\n<p>&nbsp;<\/p>\n<p><a href=\"https:\/\/youtu.be\/0LVECwO4TUk\">https:\/\/youtu.be\/0LVECwO4TUk<\/a><\/p>\n<p style=\"text-align: center\">\n","protected":false},"excerpt":{"rendered":"<p>Szanowni Pa\u0144stwo, Drodzy Rodzice i Dziadkowie, niestety nieust\u0119pliwy wirus nadal nie pozwala nam si\u0119 spotka\u0107 na \u017cywo w przedszkolu, dlatego i tym razem \u0142\u0105czymy si\u0119 z Pa\u0144stwem za po\u015brednictwem internetu [&hellip;]<\/p>\n","protected":false},"author":105,"featured_media":0,"comment_status":"closed","ping_status":"closed","sticky":false,"template":"","format":"standard","meta":{"ngg_post_thumbnail":0,"footnotes":""},"categories":[3],"tags":[],"class_list":["post-3212","post","type-post","status-publish","format-standard","hentry","category-aktualnosci","clearfix"],"_links":{"self":[{"href":"https:\/\/przedszkole18.edu.wroclaw.pl\/index.php\/wp-json\/wp\/v2\/posts\/3212","targetHints":{"allow":["GET"]}}],"collection":[{"href":"https:\/\/przedszkole18.edu.wroclaw.pl\/index.php\/wp-json\/wp\/v2\/posts"}],"about":[{"href":"https:\/\/przedszkole18.edu.wroclaw.pl\/index.php\/wp-json\/wp\/v2\/types\/post"}],"author":[{"embeddable":true,"href":"https:\/\/przedszkole18.edu.wroclaw.pl\/index.php\/wp-json\/wp\/v2\/users\/105"}],"replies":[{"embeddable":true,"href":"https:\/\/przedszkole18.edu.wroclaw.pl\/index.php\/wp-json\/wp\/v2\/comments?post=3212"}],"version-history":[{"count":3,"href":"https:\/\/przedszkole18.edu.wroclaw.pl\/index.php\/wp-json\/wp\/v2\/posts\/3212\/revisions"}],"predecessor-version":[{"id":3217,"href":"https:\/\/przedszkole18.edu.wroclaw.pl\/index.php\/wp-json\/wp\/v2\/posts\/3212\/revisions\/3217"}],"wp:attachment":[{"href":"https:\/\/przedszkole18.edu.wroclaw.pl\/index.php\/wp-json\/wp\/v2\/media?parent=3212"}],"wp:term":[{"taxonomy":"category","embeddable":true,"href":"https:\/\/przedszkole18.edu.wroclaw.pl\/index.php\/wp-json\/wp\/v2\/categories?post=3212"},{"taxonomy":"post_tag","embeddable":true,"href":"https:\/\/przedszkole18.edu.wroclaw.pl\/index.php\/wp-json\/wp\/v2\/tags?post=3212"}],"curies":[{"name":"wp","href":"https:\/\/api.w.org\/{rel}","templated":true}]}}