
{"id":3230,"date":"2021-01-24T21:45:23","date_gmt":"2021-01-24T20:45:23","guid":{"rendered":"https:\/\/przedszkole18.edu.wroclaw.pl\/?p=3230"},"modified":"2021-01-25T22:35:36","modified_gmt":"2021-01-25T21:35:36","slug":"bal-karnawalowy-w-przedszkolu","status":"publish","type":"post","link":"https:\/\/przedszkole18.edu.wroclaw.pl\/index.php\/2021\/01\/24\/bal-karnawalowy-w-przedszkolu\/","title":{"rendered":"BAL KARNAWA\u0141OWY W PRZEDSZKOLU"},"content":{"rendered":"<p><strong><span style=\"font-size: 24pt\"><span style=\"color: #ff0000\">29 STYCZNIA W GODZ. 9.00 &#8211; 11.30\u00a0<\/span><span style=\"color: #003366\"> ZAPRASZAMY WSZYSTKIE PRZEDSZKOLAKI NA BAL KARNAWA\u0141OWY. <\/span><\/span><\/strong><\/p>\n<p><strong><span style=\"color: #003366;font-size: 24pt\">ZE WZGL\u0118DU NA OBOWI\u0104ZUJ\u0104CY RE\u017bIM SANITARNY KA\u017bDA Z GRUP B\u0118DZIE MIA\u0141A ZORGANIZOWAN\u0104 ZABAW\u0118 W SWOJEJ SALI.<\/span><\/strong><\/p>\n<p><span style=\"color: #008000\"><strong><span style=\"font-size: 24pt\">PROSIMY RODZIC\u00d3W O PRZYGOTOWANIE STROJ\u00d3W DLA SWOICH POCIECH, A TAK\u017bE, W MIAR\u0118 MO\u017bLIWO\u015aCI,\u00a0 BALON\u00d3W I SERPENTYNY DO DEKORACJI SAL<br \/>\n<\/span><\/strong><\/span><\/p>\n<p><a href=\"https:\/\/przedszkole18.edu.wroclaw.pl\/wp-content\/uploads\/sites\/36\/2020\/05\/wiolinek-001-scaled.jpg\"><img loading=\"lazy\" decoding=\"async\" class=\"aligncenter wp-image-1772 size-medium\" src=\"https:\/\/przedszkole18.edu.wroclaw.pl\/wp-content\/uploads\/sites\/36\/2020\/05\/wiolinek-001-300x185.jpg\" alt=\"\" width=\"300\" height=\"185\" srcset=\"https:\/\/przedszkole18.edu.wroclaw.pl\/wp-content\/uploads\/sites\/36\/2020\/05\/wiolinek-001-300x185.jpg 300w, https:\/\/przedszkole18.edu.wroclaw.pl\/wp-content\/uploads\/sites\/36\/2020\/05\/wiolinek-001-1024x631.jpg 1024w, https:\/\/przedszkole18.edu.wroclaw.pl\/wp-content\/uploads\/sites\/36\/2020\/05\/wiolinek-001-768x473.jpg 768w, https:\/\/przedszkole18.edu.wroclaw.pl\/wp-content\/uploads\/sites\/36\/2020\/05\/wiolinek-001-600x370.jpg 600w, https:\/\/przedszkole18.edu.wroclaw.pl\/wp-content\/uploads\/sites\/36\/2020\/05\/wiolinek-001-1536x946.jpg 1536w, https:\/\/przedszkole18.edu.wroclaw.pl\/wp-content\/uploads\/sites\/36\/2020\/05\/wiolinek-001-2048x1262.jpg 2048w, https:\/\/przedszkole18.edu.wroclaw.pl\/wp-content\/uploads\/sites\/36\/2020\/05\/wiolinek-001-624x384.jpg 624w\" sizes=\"auto, (max-width: 300px) 100vw, 300px\" \/><\/a><\/p>\n","protected":false},"excerpt":{"rendered":"<p>29 STYCZNIA W GODZ. 9.00 &#8211; 11.30\u00a0 ZAPRASZAMY WSZYSTKIE PRZEDSZKOLAKI NA BAL KARNAWA\u0141OWY. ZE WZGL\u0118DU NA OBOWI\u0104ZUJ\u0104CY RE\u017bIM SANITARNY KA\u017bDA Z GRUP B\u0118DZIE MIA\u0141A ZORGANIZOWAN\u0104 ZABAW\u0118 W SWOJEJ SALI. PROSIMY [&hellip;]<\/p>\n","protected":false},"author":108,"featured_media":3226,"comment_status":"closed","ping_status":"closed","sticky":false,"template":"","format":"standard","meta":{"ngg_post_thumbnail":0,"footnotes":""},"categories":[3],"tags":[],"class_list":["post-3230","post","type-post","status-publish","format-standard","has-post-thumbnail","hentry","category-aktualnosci","clearfix"],"_links":{"self":[{"href":"https:\/\/przedszkole18.edu.wroclaw.pl\/index.php\/wp-json\/wp\/v2\/posts\/3230","targetHints":{"allow":["GET"]}}],"collection":[{"href":"https:\/\/przedszkole18.edu.wroclaw.pl\/index.php\/wp-json\/wp\/v2\/posts"}],"about":[{"href":"https:\/\/przedszkole18.edu.wroclaw.pl\/index.php\/wp-json\/wp\/v2\/types\/post"}],"author":[{"embeddable":true,"href":"https:\/\/przedszkole18.edu.wroclaw.pl\/index.php\/wp-json\/wp\/v2\/users\/108"}],"replies":[{"embeddable":true,"href":"https:\/\/przedszkole18.edu.wroclaw.pl\/index.php\/wp-json\/wp\/v2\/comments?post=3230"}],"version-history":[{"count":4,"href":"https:\/\/przedszkole18.edu.wroclaw.pl\/index.php\/wp-json\/wp\/v2\/posts\/3230\/revisions"}],"predecessor-version":[{"id":3238,"href":"https:\/\/przedszkole18.edu.wroclaw.pl\/index.php\/wp-json\/wp\/v2\/posts\/3230\/revisions\/3238"}],"wp:featuredmedia":[{"embeddable":true,"href":"https:\/\/przedszkole18.edu.wroclaw.pl\/index.php\/wp-json\/wp\/v2\/media\/3226"}],"wp:attachment":[{"href":"https:\/\/przedszkole18.edu.wroclaw.pl\/index.php\/wp-json\/wp\/v2\/media?parent=3230"}],"wp:term":[{"taxonomy":"category","embeddable":true,"href":"https:\/\/przedszkole18.edu.wroclaw.pl\/index.php\/wp-json\/wp\/v2\/categories?post=3230"},{"taxonomy":"post_tag","embeddable":true,"href":"https:\/\/przedszkole18.edu.wroclaw.pl\/index.php\/wp-json\/wp\/v2\/tags?post=3230"}],"curies":[{"name":"wp","href":"https:\/\/api.w.org\/{rel}","templated":true}]}}