
{"id":3239,"date":"2021-01-26T16:30:29","date_gmt":"2021-01-26T15:30:29","guid":{"rendered":"https:\/\/przedszkole18.edu.wroclaw.pl\/?p=3239"},"modified":"2021-01-26T16:30:29","modified_gmt":"2021-01-26T15:30:29","slug":"dotyczy-balu-karnawalowego-w-przedszkolu","status":"publish","type":"post","link":"https:\/\/przedszkole18.edu.wroclaw.pl\/index.php\/2021\/01\/26\/dotyczy-balu-karnawalowego-w-przedszkolu\/","title":{"rendered":"Dotyczy balu karnawa\u0142owego w przedszkolu!"},"content":{"rendered":"<p><strong><span style=\"font-size: 14pt;color: #800080\">Szanowni Pa\u0144stwo w trakcie zabawy karnawa\u0142owej, jak co roku,\u00a0 fotograf wykona dzieciom pami\u0105tkowe zdj\u0119cia,\u00a0 szacunkowy\u00a0 koszt kompletu\u00a0 20 z\u0142otych.<\/span><\/strong><\/p>\n<p><span style=\"font-size: 14pt;color: #800080\"><strong>Nauczyciele\u00a0 przeprowadz\u0105 mini konkursy ze s\u0142odkimi nagrodami dla uczestnik\u00f3w.\u00a0 Wszystkim dzieciom,\u00a0 \u017cycz\u0119 udanej zabawy i wymarzonych stroj\u00f3w karnawa\u0142owych. <\/strong><\/span><\/p>\n<p><span style=\"font-size: 14pt;color: #800080\"><span style=\"color: #008000\">Pozdrawiam i \u017cycz\u0119 zdrowia. Lidia Walczak-I\u017cycka\u00a0<\/span> <\/span><\/p>\n","protected":false},"excerpt":{"rendered":"<p>Szanowni Pa\u0144stwo w trakcie zabawy karnawa\u0142owej, jak co roku,\u00a0 fotograf wykona dzieciom pami\u0105tkowe zdj\u0119cia,\u00a0 szacunkowy\u00a0 koszt kompletu\u00a0 20 z\u0142otych. Nauczyciele\u00a0 przeprowadz\u0105 mini konkursy ze s\u0142odkimi nagrodami dla uczestnik\u00f3w.\u00a0 Wszystkim dzieciom,\u00a0 [&hellip;]<\/p>\n","protected":false},"author":115,"featured_media":3226,"comment_status":"closed","ping_status":"closed","sticky":false,"template":"","format":"standard","meta":{"ngg_post_thumbnail":0,"footnotes":""},"categories":[3],"tags":[],"class_list":["post-3239","post","type-post","status-publish","format-standard","has-post-thumbnail","hentry","category-aktualnosci","clearfix"],"_links":{"self":[{"href":"https:\/\/przedszkole18.edu.wroclaw.pl\/index.php\/wp-json\/wp\/v2\/posts\/3239","targetHints":{"allow":["GET"]}}],"collection":[{"href":"https:\/\/przedszkole18.edu.wroclaw.pl\/index.php\/wp-json\/wp\/v2\/posts"}],"about":[{"href":"https:\/\/przedszkole18.edu.wroclaw.pl\/index.php\/wp-json\/wp\/v2\/types\/post"}],"author":[{"embeddable":true,"href":"https:\/\/przedszkole18.edu.wroclaw.pl\/index.php\/wp-json\/wp\/v2\/users\/115"}],"replies":[{"embeddable":true,"href":"https:\/\/przedszkole18.edu.wroclaw.pl\/index.php\/wp-json\/wp\/v2\/comments?post=3239"}],"version-history":[{"count":1,"href":"https:\/\/przedszkole18.edu.wroclaw.pl\/index.php\/wp-json\/wp\/v2\/posts\/3239\/revisions"}],"predecessor-version":[{"id":3240,"href":"https:\/\/przedszkole18.edu.wroclaw.pl\/index.php\/wp-json\/wp\/v2\/posts\/3239\/revisions\/3240"}],"wp:featuredmedia":[{"embeddable":true,"href":"https:\/\/przedszkole18.edu.wroclaw.pl\/index.php\/wp-json\/wp\/v2\/media\/3226"}],"wp:attachment":[{"href":"https:\/\/przedszkole18.edu.wroclaw.pl\/index.php\/wp-json\/wp\/v2\/media?parent=3239"}],"wp:term":[{"taxonomy":"category","embeddable":true,"href":"https:\/\/przedszkole18.edu.wroclaw.pl\/index.php\/wp-json\/wp\/v2\/categories?post=3239"},{"taxonomy":"post_tag","embeddable":true,"href":"https:\/\/przedszkole18.edu.wroclaw.pl\/index.php\/wp-json\/wp\/v2\/tags?post=3239"}],"curies":[{"name":"wp","href":"https:\/\/api.w.org\/{rel}","templated":true}]}}