
{"id":3314,"date":"2021-02-04T13:53:56","date_gmt":"2021-02-04T12:53:56","guid":{"rendered":"https:\/\/przedszkole18.edu.wroclaw.pl\/?p=3314"},"modified":"2021-02-04T13:53:56","modified_gmt":"2021-02-04T12:53:56","slug":"wazne-5","status":"publish","type":"post","link":"https:\/\/przedszkole18.edu.wroclaw.pl\/index.php\/2021\/02\/04\/wazne-5\/","title":{"rendered":"WA\u017bNE !!!"},"content":{"rendered":"<p><span style=\"color: #008000;font-size: 12pt\"><strong>Szanowni Pa\u0144stwo, \u00a0wraz z rozpocz\u0119ciem Nowego Roku Szkolnego \/01.09.2020r\/, w plac\u00f3wce \u00a0obowi\u0105zuj\u0105 procedury \u00a0bezpiecze\u0144stwa zwi\u0105zane ze stanem epidemicznym . \u00a0Zostali\u015bcie Pa\u0144stwo \u00a0z nimi zapoznani we wrze\u015bniu. \u00a0Chc\u0105c korzysta\u0107 z mo\u017cliwo\u015bci ucz\u0119szczania dzieci do przedszkola \u00a0\u00a0przyj\u0119li\u015bcie \u00a0je do stosowanie.<\/strong><\/span><\/p>\n<p><span style=\"font-size: 12pt\"><strong>W procedurach zawarto informacj\u0119, \u017ce do przedszkola mog\u0105 ucz\u0119szcza jedynie dzieci zdrowe : <span style=\"color: #800080\">nie kaszl\u0105ce, bez katar\u00f3w i bez \u00a0gor\u0105czki !!!<\/span><\/strong><\/span><\/p>\n<p><span style=\"font-size: 12pt\"><strong><span style=\"color: #008000\">T<\/span><span style=\"color: #339966\"><span style=\"color: #008000\">y<\/span>mczasem dostaj\u0119 informacj\u0119 od nauczycieli i pracownik\u00f3w obs\u0142ugi \u00a0dy\u017curuj\u0105cych w szatni, \u017ce coraz cz\u0119\u015bciej zapominacie Pa\u0144stwo, \u00a0b\u0105d\u017a lekcewa\u017cycie stan zdrowia dzieci, \u00a0nara\u017caj\u0105c tym samym siebie, swoich bliskich i pracownik\u00f3w na zachorowanie.<\/span><\/strong><\/span><\/p>\n<p><span style=\"color: #ff0000;font-size: 12pt\"><strong>Obserwuj\u0119 tak\u017ce, \u00a0\u017ce coraz cz\u0119\u015bciej zapominacie Pa\u0144stwo, \u017ce \u00a0procedury bezpiecze\u0144stwa wyra\u017anie wskazuj\u0105 na \u00a0przyprowadzanie \u00a0dzieci w godzinach <\/strong><strong>\u00a06.30 -8.30.<\/strong><\/span><\/p>\n<p><span style=\"font-size: 12pt\"><span style=\"color: #800080\"><strong>STAWIACIE MNIE PA\u0143STWO <\/strong><\/span><span style=\"color: #ff0000\"><strong>w bardzo trudnej, \u00a0niemo\u017cliwej do wykonania w przedszkolu sytuacji, w kt\u00f3rej pozyskam \u00a0pracownik\u00f3w do obs\u0142ugiwania szatni, \u00a0na ka\u017cde \u017cyczenie i jednocze\u015bnie, zapewni\u0119 \u00a0dzieciom bezpieczne warunki pobytu w przedszkolu !<\/strong><\/span><\/span><\/p>\n<p><span style=\"color: #800000;font-size: 12pt\"><strong>Nie bez znaczenia jest fakt, ze z szacunku dla Pa\u0144stwa, w trosce o zdrowie ca\u0142ej spo\u0142eczno\u015bci przedszkolnej, \u00a0nieprzerwanie od og\u0142oszenia powrotu dzieci do przedszkoli \/11.05.2020\/ , staram si\u0119 stworzy\u0107 jak najlepsze warunki organizacyjne \u00a0w miar\u0119 posiadanych zasob\u00f3w ludzkich i finansowych.<\/strong><\/span><\/p>\n<p><span style=\"font-size: 12pt\"><span style=\"color: #008000\"><strong>Uprzejmie prosz\u0119 o zrozumienie i \u00a0wsp\u00f3\u0142prac\u0119, \u00a0przynajmniej \u00a0\u00a0w sytuacjach, na kt\u00f3re macie Pa\u0144stwo wp\u0142yw. <\/strong><\/span><\/span><\/p>\n<p><span style=\"font-size: 12pt\"><span style=\"color: #008000\"><strong>Na przyk\u0142ad:\u00a0 punktualnie przyprowadza\u0107 \u00a0zdrowe\u00a0 dzi<\/strong><\/span><strong><span style=\"color: #008000\">eci.<\/span> <\/strong><\/span><\/p>\n<p><span style=\"font-size: 12pt\"><strong><span style=\"color: #993300\">Pozdrawiam i \u017cycz\u0119 zdrowia. Pozostaj\u0119 do dyspozycji dyrektor plac\u00f3wki Lidia Walczak-I\u017cycka 728 520 159\u00a0<\/span> <\/strong><\/span><\/p>\n<p><strong>\u00a0<\/strong><\/p>\n","protected":false},"excerpt":{"rendered":"<p>Szanowni Pa\u0144stwo, \u00a0wraz z rozpocz\u0119ciem Nowego Roku Szkolnego \/01.09.2020r\/, w plac\u00f3wce \u00a0obowi\u0105zuj\u0105 procedury \u00a0bezpiecze\u0144stwa zwi\u0105zane ze stanem epidemicznym . \u00a0Zostali\u015bcie Pa\u0144stwo \u00a0z nimi zapoznani we wrze\u015bniu. \u00a0Chc\u0105c korzysta\u0107 z mo\u017cliwo\u015bci [&hellip;]<\/p>\n","protected":false},"author":115,"featured_media":1727,"comment_status":"closed","ping_status":"closed","sticky":false,"template":"","format":"standard","meta":{"ngg_post_thumbnail":0,"footnotes":""},"categories":[3],"tags":[],"class_list":["post-3314","post","type-post","status-publish","format-standard","has-post-thumbnail","hentry","category-aktualnosci","clearfix"],"_links":{"self":[{"href":"https:\/\/przedszkole18.edu.wroclaw.pl\/index.php\/wp-json\/wp\/v2\/posts\/3314","targetHints":{"allow":["GET"]}}],"collection":[{"href":"https:\/\/przedszkole18.edu.wroclaw.pl\/index.php\/wp-json\/wp\/v2\/posts"}],"about":[{"href":"https:\/\/przedszkole18.edu.wroclaw.pl\/index.php\/wp-json\/wp\/v2\/types\/post"}],"author":[{"embeddable":true,"href":"https:\/\/przedszkole18.edu.wroclaw.pl\/index.php\/wp-json\/wp\/v2\/users\/115"}],"replies":[{"embeddable":true,"href":"https:\/\/przedszkole18.edu.wroclaw.pl\/index.php\/wp-json\/wp\/v2\/comments?post=3314"}],"version-history":[{"count":1,"href":"https:\/\/przedszkole18.edu.wroclaw.pl\/index.php\/wp-json\/wp\/v2\/posts\/3314\/revisions"}],"predecessor-version":[{"id":3315,"href":"https:\/\/przedszkole18.edu.wroclaw.pl\/index.php\/wp-json\/wp\/v2\/posts\/3314\/revisions\/3315"}],"wp:featuredmedia":[{"embeddable":true,"href":"https:\/\/przedszkole18.edu.wroclaw.pl\/index.php\/wp-json\/wp\/v2\/media\/1727"}],"wp:attachment":[{"href":"https:\/\/przedszkole18.edu.wroclaw.pl\/index.php\/wp-json\/wp\/v2\/media?parent=3314"}],"wp:term":[{"taxonomy":"category","embeddable":true,"href":"https:\/\/przedszkole18.edu.wroclaw.pl\/index.php\/wp-json\/wp\/v2\/categories?post=3314"},{"taxonomy":"post_tag","embeddable":true,"href":"https:\/\/przedszkole18.edu.wroclaw.pl\/index.php\/wp-json\/wp\/v2\/tags?post=3314"}],"curies":[{"name":"wp","href":"https:\/\/api.w.org\/{rel}","templated":true}]}}