
{"id":3337,"date":"2021-02-09T16:46:38","date_gmt":"2021-02-09T15:46:38","guid":{"rendered":"https:\/\/przedszkole18.edu.wroclaw.pl\/?p=3337"},"modified":"2021-02-09T16:46:38","modified_gmt":"2021-02-09T15:46:38","slug":"rodzice-5","status":"publish","type":"post","link":"https:\/\/przedszkole18.edu.wroclaw.pl\/index.php\/2021\/02\/09\/rodzice-5\/","title":{"rendered":"Rodzice!"},"content":{"rendered":"<p><span style=\"color: #ff00ff;font-size: 18pt\">Szanowni Pa\u0144stwo w czwartek w godzinach odbioru dzieci,\u00a0 b\u0119dzie mo\u017cliwo\u015b\u0107 dokonania zakupu zdj\u0119\u0107 karnawa\u0142owych. Komplet to 4 zdj\u0119cia w tym i grupowe &#8211; koszt 22 z\u0142. <\/span><\/p>\n<p><span style=\"color: #ff00ff;font-size: 18pt\">Wszystkich zainteresowanych z uwagi na organizacj\u0119 pracy plac\u00f3wki i unikni\u0119cie trudno\u015bci,\u00a0 prosz\u0119 o przygotowanie w\u0142a\u015bciwej kwoty.<\/span><\/p>\n<p><span style=\"color: #ff00ff;font-size: 18pt\"><span style=\"color: #808000\"> Pozdrawiam i \u017cycz\u0119 du\u017co zdrowia. Pozostaj\u0119 do dyspozycji Lidia Walczak-I\u017cycka dyrektor plac\u00f3wki tel; 728520159<\/span> <\/span><\/p>\n","protected":false},"excerpt":{"rendered":"<p>Szanowni Pa\u0144stwo w czwartek w godzinach odbioru dzieci,\u00a0 b\u0119dzie mo\u017cliwo\u015b\u0107 dokonania zakupu zdj\u0119\u0107 karnawa\u0142owych. Komplet to 4 zdj\u0119cia w tym i grupowe &#8211; koszt 22 z\u0142. Wszystkich zainteresowanych z uwagi [&hellip;]<\/p>\n","protected":false},"author":115,"featured_media":0,"comment_status":"closed","ping_status":"closed","sticky":false,"template":"","format":"standard","meta":{"ngg_post_thumbnail":0,"footnotes":""},"categories":[3],"tags":[],"class_list":["post-3337","post","type-post","status-publish","format-standard","hentry","category-aktualnosci","clearfix"],"_links":{"self":[{"href":"https:\/\/przedszkole18.edu.wroclaw.pl\/index.php\/wp-json\/wp\/v2\/posts\/3337","targetHints":{"allow":["GET"]}}],"collection":[{"href":"https:\/\/przedszkole18.edu.wroclaw.pl\/index.php\/wp-json\/wp\/v2\/posts"}],"about":[{"href":"https:\/\/przedszkole18.edu.wroclaw.pl\/index.php\/wp-json\/wp\/v2\/types\/post"}],"author":[{"embeddable":true,"href":"https:\/\/przedszkole18.edu.wroclaw.pl\/index.php\/wp-json\/wp\/v2\/users\/115"}],"replies":[{"embeddable":true,"href":"https:\/\/przedszkole18.edu.wroclaw.pl\/index.php\/wp-json\/wp\/v2\/comments?post=3337"}],"version-history":[{"count":1,"href":"https:\/\/przedszkole18.edu.wroclaw.pl\/index.php\/wp-json\/wp\/v2\/posts\/3337\/revisions"}],"predecessor-version":[{"id":3338,"href":"https:\/\/przedszkole18.edu.wroclaw.pl\/index.php\/wp-json\/wp\/v2\/posts\/3337\/revisions\/3338"}],"wp:attachment":[{"href":"https:\/\/przedszkole18.edu.wroclaw.pl\/index.php\/wp-json\/wp\/v2\/media?parent=3337"}],"wp:term":[{"taxonomy":"category","embeddable":true,"href":"https:\/\/przedszkole18.edu.wroclaw.pl\/index.php\/wp-json\/wp\/v2\/categories?post=3337"},{"taxonomy":"post_tag","embeddable":true,"href":"https:\/\/przedszkole18.edu.wroclaw.pl\/index.php\/wp-json\/wp\/v2\/tags?post=3337"}],"curies":[{"name":"wp","href":"https:\/\/api.w.org\/{rel}","templated":true}]}}