
{"id":3421,"date":"2021-02-25T05:22:31","date_gmt":"2021-02-25T04:22:31","guid":{"rendered":"https:\/\/przedszkole18.edu.wroclaw.pl\/?p=3421"},"modified":"2021-02-25T05:22:31","modified_gmt":"2021-02-25T04:22:31","slug":"akcja-wymien-piec-we-wroclawiu","status":"publish","type":"post","link":"https:\/\/przedszkole18.edu.wroclaw.pl\/index.php\/2021\/02\/25\/akcja-wymien-piec-we-wroclawiu\/","title":{"rendered":"AKCJA &#8222;WYMIE\u0143 PIEC WE WROC\u0141AWIU&#8221;"},"content":{"rendered":"<p><span style=\"font-size: 18pt\"><strong><span style=\"color: #000000\">Szanowni Pa\u0144stwo <\/span><\/strong><\/span><\/p>\n<p><span style=\"font-size: 18pt\"><strong><span style=\"color: #000000\">Na pro\u015bb\u0119 Departamentu Edukacji, poni\u017cej,\u00a0 przekazujemy list do\u00a0 rodzic\u00f3w informuj\u0105cy o mo\u017cliwo\u015bci uzyskania dop\u0142aty do wymiany pieca <\/span><\/strong><\/span><\/p>\n<p><a href=\"https:\/\/przedszkole18.edu.wroclaw.pl\/wp-content\/uploads\/sites\/36\/2021\/02\/List-do-rodzicow.pdf\">List do rodzicow<\/a><\/p>\n","protected":false},"excerpt":{"rendered":"<p>Szanowni Pa\u0144stwo Na pro\u015bb\u0119 Departamentu Edukacji, poni\u017cej,\u00a0 przekazujemy list do\u00a0 rodzic\u00f3w informuj\u0105cy o mo\u017cliwo\u015bci uzyskania dop\u0142aty do wymiany pieca List do rodzicow<\/p>\n","protected":false},"author":108,"featured_media":839,"comment_status":"closed","ping_status":"closed","sticky":false,"template":"","format":"standard","meta":{"ngg_post_thumbnail":0,"footnotes":""},"categories":[3],"tags":[],"class_list":["post-3421","post","type-post","status-publish","format-standard","has-post-thumbnail","hentry","category-aktualnosci","clearfix"],"_links":{"self":[{"href":"https:\/\/przedszkole18.edu.wroclaw.pl\/index.php\/wp-json\/wp\/v2\/posts\/3421","targetHints":{"allow":["GET"]}}],"collection":[{"href":"https:\/\/przedszkole18.edu.wroclaw.pl\/index.php\/wp-json\/wp\/v2\/posts"}],"about":[{"href":"https:\/\/przedszkole18.edu.wroclaw.pl\/index.php\/wp-json\/wp\/v2\/types\/post"}],"author":[{"embeddable":true,"href":"https:\/\/przedszkole18.edu.wroclaw.pl\/index.php\/wp-json\/wp\/v2\/users\/108"}],"replies":[{"embeddable":true,"href":"https:\/\/przedszkole18.edu.wroclaw.pl\/index.php\/wp-json\/wp\/v2\/comments?post=3421"}],"version-history":[{"count":1,"href":"https:\/\/przedszkole18.edu.wroclaw.pl\/index.php\/wp-json\/wp\/v2\/posts\/3421\/revisions"}],"predecessor-version":[{"id":3422,"href":"https:\/\/przedszkole18.edu.wroclaw.pl\/index.php\/wp-json\/wp\/v2\/posts\/3421\/revisions\/3422"}],"wp:featuredmedia":[{"embeddable":true,"href":"https:\/\/przedszkole18.edu.wroclaw.pl\/index.php\/wp-json\/wp\/v2\/media\/839"}],"wp:attachment":[{"href":"https:\/\/przedszkole18.edu.wroclaw.pl\/index.php\/wp-json\/wp\/v2\/media?parent=3421"}],"wp:term":[{"taxonomy":"category","embeddable":true,"href":"https:\/\/przedszkole18.edu.wroclaw.pl\/index.php\/wp-json\/wp\/v2\/categories?post=3421"},{"taxonomy":"post_tag","embeddable":true,"href":"https:\/\/przedszkole18.edu.wroclaw.pl\/index.php\/wp-json\/wp\/v2\/tags?post=3421"}],"curies":[{"name":"wp","href":"https:\/\/api.w.org\/{rel}","templated":true}]}}