
{"id":3456,"date":"2021-03-05T13:03:22","date_gmt":"2021-03-05T12:03:22","guid":{"rendered":"https:\/\/przedszkole18.edu.wroclaw.pl\/?p=3456"},"modified":"2021-03-05T13:03:22","modified_gmt":"2021-03-05T12:03:22","slug":"drodzy-rodzice-2","status":"publish","type":"post","link":"https:\/\/przedszkole18.edu.wroclaw.pl\/index.php\/2021\/03\/05\/drodzy-rodzice-2\/","title":{"rendered":"Drodzy Rodzice!"},"content":{"rendered":"<p><span style=\"font-size: 14pt;color: #993300\"><em><strong>W\u00a0 minionym tygodniu,\u00a0 otrzyma\u0142am\u00a0 wiele sygna\u0142\u00f3w\u00a0 o pozytywnych wynikach test\u00f3w na COVID- 19\u00a0 w\u015br\u00f3d naszych rodzic\u00f3w. Nadmieniam jednocze\u015bnie, \u017ce zar\u00f3wno doro\u015bli jak i dzieci czuj\u0105 si\u0119\u00a0 dobrze, co niew\u0105tpliwie bardzo\u00a0 cieszy.\u00a0 <\/strong><\/em><\/span><\/p>\n<p><span style=\"font-size: 14pt;color: #333399\"><em><strong>W zwi\u0105zku z powy\u017cszym, prosz\u0119\u00a0 o sta\u0142e przestrzeganie obowi\u0105zuj\u0105cych procedur,\u00a0 ograniczenie ilo\u015bci\u00a0 os\u00f3b\u00a0 czekaj\u0105cych na dzieci podczas ich odbioru, obserwowanie siebie i dzieci i nie bagatelizowanie niepokoj\u0105cych objaw\u00f3w. \u00a0 <\/strong><\/em><\/span><\/p>\n<p><span style=\"font-size: 14pt;color: #333399\"><em><strong><span style=\"color: #008000\">Prosz\u0119\u00a0 pami\u0119ta\u0107,\u00a0 do przedszkola\u00a0 przyprowadzamy tylko zdrowe dzieci.\u00a0 Pozdrawiam serdecznie i \u017cycz\u0119 du\u017co zdrowia. <span style=\"color: #000000;font-size: 12pt\">Dyrektor plac\u00f3wki Lidia Walczak-I\u017cycka\u00a0<\/span><\/span> <\/strong><\/em><\/span><\/p>\n","protected":false},"excerpt":{"rendered":"<p>W\u00a0 minionym tygodniu,\u00a0 otrzyma\u0142am\u00a0 wiele sygna\u0142\u00f3w\u00a0 o pozytywnych wynikach test\u00f3w na COVID- 19\u00a0 w\u015br\u00f3d naszych rodzic\u00f3w. Nadmieniam jednocze\u015bnie, \u017ce zar\u00f3wno doro\u015bli jak i dzieci czuj\u0105 si\u0119\u00a0 dobrze, co niew\u0105tpliwie bardzo\u00a0 [&hellip;]<\/p>\n","protected":false},"author":115,"featured_media":1620,"comment_status":"closed","ping_status":"closed","sticky":false,"template":"","format":"standard","meta":{"ngg_post_thumbnail":0,"footnotes":""},"categories":[3],"tags":[],"class_list":["post-3456","post","type-post","status-publish","format-standard","has-post-thumbnail","hentry","category-aktualnosci","clearfix"],"_links":{"self":[{"href":"https:\/\/przedszkole18.edu.wroclaw.pl\/index.php\/wp-json\/wp\/v2\/posts\/3456","targetHints":{"allow":["GET"]}}],"collection":[{"href":"https:\/\/przedszkole18.edu.wroclaw.pl\/index.php\/wp-json\/wp\/v2\/posts"}],"about":[{"href":"https:\/\/przedszkole18.edu.wroclaw.pl\/index.php\/wp-json\/wp\/v2\/types\/post"}],"author":[{"embeddable":true,"href":"https:\/\/przedszkole18.edu.wroclaw.pl\/index.php\/wp-json\/wp\/v2\/users\/115"}],"replies":[{"embeddable":true,"href":"https:\/\/przedszkole18.edu.wroclaw.pl\/index.php\/wp-json\/wp\/v2\/comments?post=3456"}],"version-history":[{"count":1,"href":"https:\/\/przedszkole18.edu.wroclaw.pl\/index.php\/wp-json\/wp\/v2\/posts\/3456\/revisions"}],"predecessor-version":[{"id":3457,"href":"https:\/\/przedszkole18.edu.wroclaw.pl\/index.php\/wp-json\/wp\/v2\/posts\/3456\/revisions\/3457"}],"wp:featuredmedia":[{"embeddable":true,"href":"https:\/\/przedszkole18.edu.wroclaw.pl\/index.php\/wp-json\/wp\/v2\/media\/1620"}],"wp:attachment":[{"href":"https:\/\/przedszkole18.edu.wroclaw.pl\/index.php\/wp-json\/wp\/v2\/media?parent=3456"}],"wp:term":[{"taxonomy":"category","embeddable":true,"href":"https:\/\/przedszkole18.edu.wroclaw.pl\/index.php\/wp-json\/wp\/v2\/categories?post=3456"},{"taxonomy":"post_tag","embeddable":true,"href":"https:\/\/przedszkole18.edu.wroclaw.pl\/index.php\/wp-json\/wp\/v2\/tags?post=3456"}],"curies":[{"name":"wp","href":"https:\/\/api.w.org\/{rel}","templated":true}]}}