
{"id":3459,"date":"2021-03-05T13:35:53","date_gmt":"2021-03-05T12:35:53","guid":{"rendered":"https:\/\/przedszkole18.edu.wroclaw.pl\/?p=3459"},"modified":"2021-03-05T13:35:53","modified_gmt":"2021-03-05T12:35:53","slug":"nowy-rok-szkolny","status":"publish","type":"post","link":"https:\/\/przedszkole18.edu.wroclaw.pl\/index.php\/2021\/03\/05\/nowy-rok-szkolny\/","title":{"rendered":"Nowy Rok Szkolny!"},"content":{"rendered":"<p style=\"text-align: center\"><span style=\"color: #ff0000;font-size: 18pt\"><em><strong> Wa\u017cne! Czas realizacji\u00a0 09 -11.03.2021<br \/>\n<\/strong><\/em><\/span><\/p>\n<p><em><span style=\"color: #800000\"><strong><span style=\"font-size: 14pt\">Szanowni Pa\u0144stwo !\u00a0<\/span> <\/strong><\/span><\/em><\/p>\n<p><em><span style=\"font-size: 14pt;color: #800000\"><strong>Nadszed\u0142 czas na zebrania od Pa\u0144stwa\u00a0 informacji, \u00a0pomocnych w planowaniu\u00a0\u00a0 pracy w nowym roku szkolnym.<\/strong><\/span><\/em><\/p>\n<p><em><span style=\"font-size: 14pt;color: #800000\"><strong>\u00a0Prosz\u0119 zatem o:\u00a0 <\/strong><\/span><\/em><\/p>\n<ul>\n<li><em><span style=\"font-size: 14pt;color: #800000\"><strong>Z\u0142o\u017cenie deklaracji woli kontynuacji, korzystania z us\u0142ug przedszkola w roku szkolnym 2021\/2022<\/strong><\/span><\/em><\/li>\n<li><em><span style=\"font-size: 14pt;color: #800000\"><strong>W przypadku rezygnacji z miejsca w plac\u00f3wce, prosz\u0119 na deklaracji wpisa\u0107 stwierdzenie<span style=\"color: #ff0000\"> \u201enie deklaruj\u0119,\u201d<\/span> z imieniem i nazwiskiem dziecko.<\/strong><\/span><\/em><\/li>\n<\/ul>\n<p><em><span style=\"color: #800000\"><strong><span style=\"font-size: 14pt\">Deklaracja do pobrania od <span style=\"color: #ff6600\">09.03.2021<\/span>\u00a0 ze strony internetowej w zak\u0142adce dla rodzica\u00a0 &#8211; dokumenty\u00a0 lub przy odbiorze dziecka w plac\u00f3wce. Podpisane deklaracje prosz\u0119 z\u0142o\u017cy\u0107 w przygotowanym pojemniku. <span style=\"color: #ff6600\">Pozdrawiam serdecznie i \u017cycz\u0119 du\u017co zdrowia. <\/span><\/span><\/strong><\/span><\/em><\/p>\n<p><span style=\"color: #333399\"><em><strong><span style=\"font-size: 14pt\">W sytuacjach w\u0105tpliwych pozostaj\u0119 do dyspozycji\u00a0 tel.:\u00a0 728 520 159\u00a0 Dyrektor plac\u00f3wki Lidia Walczak-I\u017cycka\u00a0<\/span> <\/strong><\/em><\/span><\/p>\n<p><strong><em>\u00a0<\/em><\/strong><\/p>\n","protected":false},"excerpt":{"rendered":"<p>Wa\u017cne! Czas realizacji\u00a0 09 -11.03.2021 Szanowni Pa\u0144stwo !\u00a0 Nadszed\u0142 czas na zebrania od Pa\u0144stwa\u00a0 informacji, \u00a0pomocnych w planowaniu\u00a0\u00a0 pracy w nowym roku szkolnym. \u00a0Prosz\u0119 zatem o:\u00a0 Z\u0142o\u017cenie deklaracji woli kontynuacji, [&hellip;]<\/p>\n","protected":false},"author":115,"featured_media":1859,"comment_status":"closed","ping_status":"closed","sticky":false,"template":"","format":"standard","meta":{"ngg_post_thumbnail":0,"footnotes":""},"categories":[3],"tags":[],"class_list":["post-3459","post","type-post","status-publish","format-standard","has-post-thumbnail","hentry","category-aktualnosci","clearfix"],"_links":{"self":[{"href":"https:\/\/przedszkole18.edu.wroclaw.pl\/index.php\/wp-json\/wp\/v2\/posts\/3459","targetHints":{"allow":["GET"]}}],"collection":[{"href":"https:\/\/przedszkole18.edu.wroclaw.pl\/index.php\/wp-json\/wp\/v2\/posts"}],"about":[{"href":"https:\/\/przedszkole18.edu.wroclaw.pl\/index.php\/wp-json\/wp\/v2\/types\/post"}],"author":[{"embeddable":true,"href":"https:\/\/przedszkole18.edu.wroclaw.pl\/index.php\/wp-json\/wp\/v2\/users\/115"}],"replies":[{"embeddable":true,"href":"https:\/\/przedszkole18.edu.wroclaw.pl\/index.php\/wp-json\/wp\/v2\/comments?post=3459"}],"version-history":[{"count":1,"href":"https:\/\/przedszkole18.edu.wroclaw.pl\/index.php\/wp-json\/wp\/v2\/posts\/3459\/revisions"}],"predecessor-version":[{"id":3460,"href":"https:\/\/przedszkole18.edu.wroclaw.pl\/index.php\/wp-json\/wp\/v2\/posts\/3459\/revisions\/3460"}],"wp:featuredmedia":[{"embeddable":true,"href":"https:\/\/przedszkole18.edu.wroclaw.pl\/index.php\/wp-json\/wp\/v2\/media\/1859"}],"wp:attachment":[{"href":"https:\/\/przedszkole18.edu.wroclaw.pl\/index.php\/wp-json\/wp\/v2\/media?parent=3459"}],"wp:term":[{"taxonomy":"category","embeddable":true,"href":"https:\/\/przedszkole18.edu.wroclaw.pl\/index.php\/wp-json\/wp\/v2\/categories?post=3459"},{"taxonomy":"post_tag","embeddable":true,"href":"https:\/\/przedszkole18.edu.wroclaw.pl\/index.php\/wp-json\/wp\/v2\/tags?post=3459"}],"curies":[{"name":"wp","href":"https:\/\/api.w.org\/{rel}","templated":true}]}}