
{"id":3473,"date":"2021-03-08T15:12:49","date_gmt":"2021-03-08T14:12:49","guid":{"rendered":"https:\/\/przedszkole18.edu.wroclaw.pl\/?p=3473"},"modified":"2021-03-08T15:12:49","modified_gmt":"2021-03-08T14:12:49","slug":"drodzy-rodzice-3","status":"publish","type":"post","link":"https:\/\/przedszkole18.edu.wroclaw.pl\/index.php\/2021\/03\/08\/drodzy-rodzice-3\/","title":{"rendered":"Drodzy Rodzice!"},"content":{"rendered":"<p><span style=\"color: #800000\"><em><strong><span style=\"font-size: 14pt\">Zgodnie z informacj\u0105 podan\u0105 Pa\u0144stwu w ubieg\u0142ym tygodniu, dotycz\u0105c\u0105 kontynuacji wychowania przedszkolnego w naszej plac\u00f3wce, w zak\u0142adce\u00a0 &#8222;dla rodzic\u00f3w &#8211; dokumenty&#8221;,\u00a0 znajduje si\u0119 deklaracja kontynuacji,\u00a0 prosz\u0119\u00a0 o wydrukowanie i wype\u0142nienie przez wszystkich rodzic\u00f3w. W sytuacji rezygnacji z miejsca w przedszkolu, dokument winien zawiera\u0107 wymagane dane i adnotacj\u0119\u00a0 &#8222;nie deklaruj\u0119&#8221;.<\/span> <\/strong><\/em><\/span><\/p>\n<p><span style=\"color: #008000\"><em><strong><span style=\"font-size: 14pt\">Wspomniany dokument, nie dotyczy dzieci id\u0105cych w nowym roku szkolnym do szko\u0142y podstawowej. <\/span><\/strong><\/em><\/span><span style=\"color: #008000\"><em><strong><span style=\"font-size: 14pt\">W dniu 22 i 23 marca 2021,\u00a0 zostan\u0105 Pa\u0144stwu wydane has\u0142a dost\u0119pu do kont rekrutacyjnych dla przysz\u0142ych uczni\u00f3w. <\/span><\/strong><\/em><\/span><\/p>\n<p><span style=\"color: #000080;font-size: 12pt\"><em><strong>Pozdrawiam i \u017cycz\u0119 du\u017co zdrowia. Dyrektor plac\u00f3wki\u00a0 Lidia Walczak-I\u017cycka,\u00a0 pozostaj\u0119 do dyspozycji\u00a0 728 520 159\u00a0 <\/strong><\/em><\/span><\/p>\n","protected":false},"excerpt":{"rendered":"<p>Zgodnie z informacj\u0105 podan\u0105 Pa\u0144stwu w ubieg\u0142ym tygodniu, dotycz\u0105c\u0105 kontynuacji wychowania przedszkolnego w naszej plac\u00f3wce, w zak\u0142adce\u00a0 &#8222;dla rodzic\u00f3w &#8211; dokumenty&#8221;,\u00a0 znajduje si\u0119 deklaracja kontynuacji,\u00a0 prosz\u0119\u00a0 o wydrukowanie i wype\u0142nienie [&hellip;]<\/p>\n","protected":false},"author":115,"featured_media":1727,"comment_status":"closed","ping_status":"closed","sticky":false,"template":"","format":"standard","meta":{"ngg_post_thumbnail":0,"footnotes":""},"categories":[3],"tags":[],"class_list":["post-3473","post","type-post","status-publish","format-standard","has-post-thumbnail","hentry","category-aktualnosci","clearfix"],"_links":{"self":[{"href":"https:\/\/przedszkole18.edu.wroclaw.pl\/index.php\/wp-json\/wp\/v2\/posts\/3473","targetHints":{"allow":["GET"]}}],"collection":[{"href":"https:\/\/przedszkole18.edu.wroclaw.pl\/index.php\/wp-json\/wp\/v2\/posts"}],"about":[{"href":"https:\/\/przedszkole18.edu.wroclaw.pl\/index.php\/wp-json\/wp\/v2\/types\/post"}],"author":[{"embeddable":true,"href":"https:\/\/przedszkole18.edu.wroclaw.pl\/index.php\/wp-json\/wp\/v2\/users\/115"}],"replies":[{"embeddable":true,"href":"https:\/\/przedszkole18.edu.wroclaw.pl\/index.php\/wp-json\/wp\/v2\/comments?post=3473"}],"version-history":[{"count":1,"href":"https:\/\/przedszkole18.edu.wroclaw.pl\/index.php\/wp-json\/wp\/v2\/posts\/3473\/revisions"}],"predecessor-version":[{"id":3474,"href":"https:\/\/przedszkole18.edu.wroclaw.pl\/index.php\/wp-json\/wp\/v2\/posts\/3473\/revisions\/3474"}],"wp:featuredmedia":[{"embeddable":true,"href":"https:\/\/przedszkole18.edu.wroclaw.pl\/index.php\/wp-json\/wp\/v2\/media\/1727"}],"wp:attachment":[{"href":"https:\/\/przedszkole18.edu.wroclaw.pl\/index.php\/wp-json\/wp\/v2\/media?parent=3473"}],"wp:term":[{"taxonomy":"category","embeddable":true,"href":"https:\/\/przedszkole18.edu.wroclaw.pl\/index.php\/wp-json\/wp\/v2\/categories?post=3473"},{"taxonomy":"post_tag","embeddable":true,"href":"https:\/\/przedszkole18.edu.wroclaw.pl\/index.php\/wp-json\/wp\/v2\/tags?post=3473"}],"curies":[{"name":"wp","href":"https:\/\/api.w.org\/{rel}","templated":true}]}}