
{"id":3475,"date":"2021-03-09T13:17:26","date_gmt":"2021-03-09T12:17:26","guid":{"rendered":"https:\/\/przedszkole18.edu.wroclaw.pl\/?p=3475"},"modified":"2021-03-09T13:17:26","modified_gmt":"2021-03-09T12:17:26","slug":"szanowni-panstwo-10","status":"publish","type":"post","link":"https:\/\/przedszkole18.edu.wroclaw.pl\/index.php\/2021\/03\/09\/szanowni-panstwo-10\/","title":{"rendered":"Szanowni Pa\u0144stwo!"},"content":{"rendered":"<p><strong><span style=\"color: #008000\"><em><span style=\"font-size: 14pt\">Drodzy rodzice! W dniu dzisiejszym o godzinie 8.00 rano otrzyma\u0142am informacje, \u017ce na poczt\u0119 e-mail przedszkola,\u00a0\u00a0wys\u0142ano wiadomo\u015b\u0107 o pod\u0142o\u017ceniu \u0142adunku wybuchowego w plecaku dziecka. Nadmieniam , \u017ce nie byli\u015bmy jedynym odbiorc\u0105 wspomnianej wiadomo\u015bci,\u00a0 wiele plac\u00f3wek edukacyjnych w ca\u0142ej Polsce otrzyma\u0142o tak\u0105 informacj\u0119, co nie zwolni\u0142o nas jednak z podj\u0119cia dzia\u0142a\u0144\u00a0 zgodnych\u00a0 z procedurami bezpiecze\u0144stwa, obowi\u0105zuj\u0105cymi w plac\u00f3wce.<\/span><\/em><\/span><\/strong><\/p>\n<ul style=\"list-style-type: disc\">\n<li><span style=\"color: #808000\"><em><span style=\"font-size: 14pt\">Powiadomiono Policj\u0119<\/span><\/em><\/span><\/li>\n<li><span style=\"color: #808000\"><em><span style=\"font-size: 14pt\">Ewakuowano z plac\u00f3wki wszystkie dzieci i pracownik\u00f3w<\/span><\/em><\/span><\/li>\n<li><span style=\"color: #808000\"><em><span style=\"font-size: 14pt\">Zgodnie z procedurami wy\u0142\u0105czono w plac\u00f3wce media\/gaz, pr\u0105d\/\u00a0<\/span><\/em><\/span><\/li>\n<li><span style=\"color: #808000\"><em><span style=\"font-size: 14pt\">Zamkni\u0119to budynek do momentu pojawienia si\u0119 Policji.\u00a0 \u00a0<\/span><\/em><\/span><\/li>\n<\/ul>\n<p><span style=\"color: #008000\"><em><span style=\"font-size: 14pt\"><strong>W kr\u00f3tkim czasie,\u00a0 po zawiadomieniu Policji do plac\u00f3wki przyjecha\u0142y: wydzia\u0142\u00a0 prewencji 3 osoby , oddzia\u0142\u00a0 kryminalny 4 osoby.\u00a0 Po kr\u00f3tkiej rozmowie z przedstawicielami s\u0142u\u017cb,\u00a0 zarz\u0105dzono sprawdzenie ca\u0142ego obiektu wraz z ogrodem przedszkolnym. Nie znaleziono niczego niepokoj\u0105cego &#8211; dotycz\u0105cego bezpiecze\u0144stwa dzieci i pracownik\u00f3w.\u00a0 Obecne s\u0142u\u017cby wraz z dyrektorem podj\u0119\u0142y decyzj\u0119 o udost\u0119pnieniu budynku do dalszego dzia\u0142ania. Pozostaje mi podzi\u0119kowa\u0107 powiadomionym s\u0142u\u017cbom i wszystkim pracownikom za sprawne dzia\u0142anie, a rodzicom towarzysz\u0105cym nam rano podczas przeprowadzania procedury za cierpliwo\u015b\u0107 i zrozumienie.<\/strong><\/span><span style=\"font-size: 12pt\"><strong><span style=\"color: #666699\">Pozdrawiam i \u017cycz\u0119 zdrowia. Dyrektor plac\u00f3wki Lidia Walczak-I\u017cycka,\u00a0 pozostaj\u0119 do dyspozycji 728 520 159<\/span> <\/strong><\/span><span style=\"font-size: 14pt\"><br \/>\n<\/span><\/em><\/span><\/p>\n<p>&nbsp;<\/p>\n","protected":false},"excerpt":{"rendered":"<p>Drodzy rodzice! W dniu dzisiejszym o godzinie 8.00 rano otrzyma\u0142am informacje, \u017ce na poczt\u0119 e-mail przedszkola,\u00a0\u00a0wys\u0142ano wiadomo\u015b\u0107 o pod\u0142o\u017ceniu \u0142adunku wybuchowego w plecaku dziecka. Nadmieniam , \u017ce nie byli\u015bmy jedynym [&hellip;]<\/p>\n","protected":false},"author":115,"featured_media":375,"comment_status":"closed","ping_status":"closed","sticky":false,"template":"","format":"standard","meta":{"ngg_post_thumbnail":0,"footnotes":""},"categories":[3],"tags":[],"class_list":["post-3475","post","type-post","status-publish","format-standard","has-post-thumbnail","hentry","category-aktualnosci","clearfix"],"_links":{"self":[{"href":"https:\/\/przedszkole18.edu.wroclaw.pl\/index.php\/wp-json\/wp\/v2\/posts\/3475","targetHints":{"allow":["GET"]}}],"collection":[{"href":"https:\/\/przedszkole18.edu.wroclaw.pl\/index.php\/wp-json\/wp\/v2\/posts"}],"about":[{"href":"https:\/\/przedszkole18.edu.wroclaw.pl\/index.php\/wp-json\/wp\/v2\/types\/post"}],"author":[{"embeddable":true,"href":"https:\/\/przedszkole18.edu.wroclaw.pl\/index.php\/wp-json\/wp\/v2\/users\/115"}],"replies":[{"embeddable":true,"href":"https:\/\/przedszkole18.edu.wroclaw.pl\/index.php\/wp-json\/wp\/v2\/comments?post=3475"}],"version-history":[{"count":1,"href":"https:\/\/przedszkole18.edu.wroclaw.pl\/index.php\/wp-json\/wp\/v2\/posts\/3475\/revisions"}],"predecessor-version":[{"id":3476,"href":"https:\/\/przedszkole18.edu.wroclaw.pl\/index.php\/wp-json\/wp\/v2\/posts\/3475\/revisions\/3476"}],"wp:featuredmedia":[{"embeddable":true,"href":"https:\/\/przedszkole18.edu.wroclaw.pl\/index.php\/wp-json\/wp\/v2\/media\/375"}],"wp:attachment":[{"href":"https:\/\/przedszkole18.edu.wroclaw.pl\/index.php\/wp-json\/wp\/v2\/media?parent=3475"}],"wp:term":[{"taxonomy":"category","embeddable":true,"href":"https:\/\/przedszkole18.edu.wroclaw.pl\/index.php\/wp-json\/wp\/v2\/categories?post=3475"},{"taxonomy":"post_tag","embeddable":true,"href":"https:\/\/przedszkole18.edu.wroclaw.pl\/index.php\/wp-json\/wp\/v2\/tags?post=3475"}],"curies":[{"name":"wp","href":"https:\/\/api.w.org\/{rel}","templated":true}]}}