
{"id":3484,"date":"2021-03-22T16:00:20","date_gmt":"2021-03-22T15:00:20","guid":{"rendered":"https:\/\/przedszkole18.edu.wroclaw.pl\/?p=3484"},"modified":"2021-03-22T16:00:20","modified_gmt":"2021-03-22T15:00:20","slug":"rekrutacja-do-szkol-podstawowych","status":"publish","type":"post","link":"https:\/\/przedszkole18.edu.wroclaw.pl\/index.php\/2021\/03\/22\/rekrutacja-do-szkol-podstawowych\/","title":{"rendered":"Rekrutacja do szk\u00f3\u0142 podstawowych."},"content":{"rendered":"<p><strong>I<span style=\"font-size: 14pt;color: #000080\">nformuj\u0119, \u017ce w tym roku<u><span style=\"color: #800000\"> nie wydajemy hase\u0142 kandydatom<\/span>, kt\u00f3rzy b\u0119d\u0105 bra\u0107 udzia\u0142 w rekrutacji do\u00a0 szk\u00f3\u0142 podstawowych. <\/u><\/span><\/strong><span style=\"font-size: 14pt;color: #000080\"><strong><br \/>\n<\/strong><strong><u>Rodzic rejestruje wniosek za pomoc\u0105:<\/u><\/strong><\/span><br \/>\n<strong><span style=\"font-size: 14pt;color: #008000\">a) nr PESEL oraz imienia i nazwiska kandydata<\/span><\/strong><br \/>\n<strong><span style=\"font-size: 14pt;color: #008000\">b) nr innego dokumentu, imienia i nazwiska, daty urodzenia oraz p\u0142ci &#8211; w przypadku cudzoziemc\u00f3w.<\/span><\/strong><\/p>\n<p><span style=\"color: #003366\"><em>Pozdrawiam i \u017cycz\u0119 zdrowia. Dyrektor plac\u00f3wki. Lidia Walczak-I\u017cycka<\/em> <\/span><\/p>\n","protected":false},"excerpt":{"rendered":"<p>Informuj\u0119, \u017ce w tym roku nie wydajemy hase\u0142 kandydatom, kt\u00f3rzy b\u0119d\u0105 bra\u0107 udzia\u0142 w rekrutacji do\u00a0 szk\u00f3\u0142 podstawowych. Rodzic rejestruje wniosek za pomoc\u0105: a) nr PESEL oraz imienia i nazwiska [&hellip;]<\/p>\n","protected":false},"author":115,"featured_media":2500,"comment_status":"closed","ping_status":"closed","sticky":false,"template":"","format":"standard","meta":{"ngg_post_thumbnail":0,"footnotes":""},"categories":[3,1],"tags":[],"class_list":["post-3484","post","type-post","status-publish","format-standard","has-post-thumbnail","hentry","category-aktualnosci","category-bez-kategorii","clearfix"],"_links":{"self":[{"href":"https:\/\/przedszkole18.edu.wroclaw.pl\/index.php\/wp-json\/wp\/v2\/posts\/3484","targetHints":{"allow":["GET"]}}],"collection":[{"href":"https:\/\/przedszkole18.edu.wroclaw.pl\/index.php\/wp-json\/wp\/v2\/posts"}],"about":[{"href":"https:\/\/przedszkole18.edu.wroclaw.pl\/index.php\/wp-json\/wp\/v2\/types\/post"}],"author":[{"embeddable":true,"href":"https:\/\/przedszkole18.edu.wroclaw.pl\/index.php\/wp-json\/wp\/v2\/users\/115"}],"replies":[{"embeddable":true,"href":"https:\/\/przedszkole18.edu.wroclaw.pl\/index.php\/wp-json\/wp\/v2\/comments?post=3484"}],"version-history":[{"count":1,"href":"https:\/\/przedszkole18.edu.wroclaw.pl\/index.php\/wp-json\/wp\/v2\/posts\/3484\/revisions"}],"predecessor-version":[{"id":3512,"href":"https:\/\/przedszkole18.edu.wroclaw.pl\/index.php\/wp-json\/wp\/v2\/posts\/3484\/revisions\/3512"}],"wp:featuredmedia":[{"embeddable":true,"href":"https:\/\/przedszkole18.edu.wroclaw.pl\/index.php\/wp-json\/wp\/v2\/media\/2500"}],"wp:attachment":[{"href":"https:\/\/przedszkole18.edu.wroclaw.pl\/index.php\/wp-json\/wp\/v2\/media?parent=3484"}],"wp:term":[{"taxonomy":"category","embeddable":true,"href":"https:\/\/przedszkole18.edu.wroclaw.pl\/index.php\/wp-json\/wp\/v2\/categories?post=3484"},{"taxonomy":"post_tag","embeddable":true,"href":"https:\/\/przedszkole18.edu.wroclaw.pl\/index.php\/wp-json\/wp\/v2\/tags?post=3484"}],"curies":[{"name":"wp","href":"https:\/\/api.w.org\/{rel}","templated":true}]}}