
{"id":3520,"date":"2021-03-22T16:38:51","date_gmt":"2021-03-22T15:38:51","guid":{"rendered":"https:\/\/przedszkole18.edu.wroclaw.pl\/?p=3520"},"modified":"2021-03-22T16:38:51","modified_gmt":"2021-03-22T15:38:51","slug":"remont-budynku","status":"publish","type":"post","link":"https:\/\/przedszkole18.edu.wroclaw.pl\/index.php\/2021\/03\/22\/remont-budynku\/","title":{"rendered":"Remont budynku!"},"content":{"rendered":"<p><span style=\"color: #008000\"><em><strong><span style=\"font-size: 14pt\">Drodzy Pa\u0144stwo, otrzyma\u0142am informacj\u0119 z Zarz\u0105du Inwestycji Miejskich o rozpocz\u0119ciu II etapu remontu plac\u00f3wki.<\/span><\/strong><\/em><\/span><\/p>\n<p><span style=\"color: #800000\"><em><strong><span style=\"font-size: 14pt\"><span style=\"color: #000080\">\u00a0I etap, to remont dachu, kt\u00f3ry mamy ju\u017c z sukcesem za sob\u0105.<\/span><\/span><\/strong><\/em><\/span><\/p>\n<p><span style=\"color: #800000\"><em><strong><span style=\"font-size: 14pt\"><span style=\"color: #000080\">II etap dotyczy remontu\u00a0 elewacji, wymiany blacharki &#8211; rynny, parapety zewn\u0119trzne,\u00a0 wymiany okien w przyziemiu i\u00a0 odnowienie krat.\u00a0\u00a0<\/span> <\/span><\/strong><\/em><\/span><\/p>\n<p><span style=\"color: #800000\"><em><strong><span style=\"font-size: 14pt\"><span style=\"color: #ff0000\">Inwestycja i jej wykonanie zaplanowano na czas\u00a0 od 01 maja 2021\u00a0 do 31 sierpnia 2021 , je\u017celi oczywi\u015bcie uda si\u0119 wy\u0142oni\u0107 drog\u0105 przetargu wykonawc\u0119 wspomnianych prac.<\/span> Jeste\u015bmy przedszkolem publicznym, prowadzonym przez Gmin\u0119 Wroc\u0142aw,\u00a0 zatem ci\u0119\u017car przetargu spoczywa na organie prowadz\u0105cym. Ja czekam na informacj\u0119 z ZIM,\u00a0 kt\u00f3re niezw\u0142ocznie Pa\u0144stwu przeka\u017c\u0119. <\/span><\/strong><\/em><\/span><\/p>\n<p><span style=\"color: #800000\"><em><strong><span style=\"font-size: 14pt\"><span style=\"color: #008000\">Wszystkie prace zwi\u0105zane z remontem,\u00a0 postaram si\u0119 tak zaplanowa\u0107 i zorganizowa\u0107, aby\u00a0 mo\u017cliwe by\u0142o bezpieczne korzystanie z plac\u00f3wki , a prace remontowe nie przed\u0142u\u017ca\u0142y si\u0119 ponad wyznaczony termin.<\/span> \u00a0<\/span> <\/strong><\/em><\/span><\/p>\n<p><span style=\"color: #333399\"><strong><em>Pozdrawiam.\u00a0 Lidia Walczak-I\u017cycka pozostaj\u0119 do dyspozycji.\u00a0 728520159<\/em> <\/strong><\/span><\/p>\n","protected":false},"excerpt":{"rendered":"<p>Drodzy Pa\u0144stwo, otrzyma\u0142am informacj\u0119 z Zarz\u0105du Inwestycji Miejskich o rozpocz\u0119ciu II etapu remontu plac\u00f3wki. \u00a0I etap, to remont dachu, kt\u00f3ry mamy ju\u017c z sukcesem za sob\u0105. II etap dotyczy remontu\u00a0 [&hellip;]<\/p>\n","protected":false},"author":115,"featured_media":1620,"comment_status":"closed","ping_status":"closed","sticky":false,"template":"","format":"standard","meta":{"ngg_post_thumbnail":0,"footnotes":""},"categories":[3],"tags":[],"class_list":["post-3520","post","type-post","status-publish","format-standard","has-post-thumbnail","hentry","category-aktualnosci","clearfix"],"_links":{"self":[{"href":"https:\/\/przedszkole18.edu.wroclaw.pl\/index.php\/wp-json\/wp\/v2\/posts\/3520","targetHints":{"allow":["GET"]}}],"collection":[{"href":"https:\/\/przedszkole18.edu.wroclaw.pl\/index.php\/wp-json\/wp\/v2\/posts"}],"about":[{"href":"https:\/\/przedszkole18.edu.wroclaw.pl\/index.php\/wp-json\/wp\/v2\/types\/post"}],"author":[{"embeddable":true,"href":"https:\/\/przedszkole18.edu.wroclaw.pl\/index.php\/wp-json\/wp\/v2\/users\/115"}],"replies":[{"embeddable":true,"href":"https:\/\/przedszkole18.edu.wroclaw.pl\/index.php\/wp-json\/wp\/v2\/comments?post=3520"}],"version-history":[{"count":1,"href":"https:\/\/przedszkole18.edu.wroclaw.pl\/index.php\/wp-json\/wp\/v2\/posts\/3520\/revisions"}],"predecessor-version":[{"id":3521,"href":"https:\/\/przedszkole18.edu.wroclaw.pl\/index.php\/wp-json\/wp\/v2\/posts\/3520\/revisions\/3521"}],"wp:featuredmedia":[{"embeddable":true,"href":"https:\/\/przedszkole18.edu.wroclaw.pl\/index.php\/wp-json\/wp\/v2\/media\/1620"}],"wp:attachment":[{"href":"https:\/\/przedszkole18.edu.wroclaw.pl\/index.php\/wp-json\/wp\/v2\/media?parent=3520"}],"wp:term":[{"taxonomy":"category","embeddable":true,"href":"https:\/\/przedszkole18.edu.wroclaw.pl\/index.php\/wp-json\/wp\/v2\/categories?post=3520"},{"taxonomy":"post_tag","embeddable":true,"href":"https:\/\/przedszkole18.edu.wroclaw.pl\/index.php\/wp-json\/wp\/v2\/tags?post=3520"}],"curies":[{"name":"wp","href":"https:\/\/api.w.org\/{rel}","templated":true}]}}