
{"id":3530,"date":"2021-03-26T15:17:12","date_gmt":"2021-03-26T14:17:12","guid":{"rendered":"https:\/\/przedszkole18.edu.wroclaw.pl\/?p=3530"},"modified":"2021-03-26T15:28:44","modified_gmt":"2021-03-26T14:28:44","slug":"komunikat","status":"publish","type":"post","link":"https:\/\/przedszkole18.edu.wroclaw.pl\/index.php\/2021\/03\/26\/komunikat\/","title":{"rendered":"Komunikat !"},"content":{"rendered":"<p><strong>\u00a0\u00a0\u00a0\u00a0\u00a0\u00a0\u00a0\u00a0\u00a0\u00a0\u00a0\u00a0\u00a0\u00a0\u00a0\u00a0\u00a0\u00a0\u00a0\u00a0\u00a0\u00a0\u00a0\u00a0<em><span style=\"color: #800000\"> \u00a0\u00a0\u00a0\u00a0\u00a0 \u00a0\u00a0\u00a0\u00a0\u00a0\u00a0\u00a0\u00a0\u00a0<span style=\"font-size: 18pt\">\u00a0Drodzy Rodzice!<\/span><\/span><\/em><\/strong><\/p>\n<p><span style=\"color: #339966;font-size: 14pt\">\u00a0\u00a0\u00a0 <em><strong>Ju\u017c od\u00a0 roku zmagamy si\u0119 w kraju z ekstremalnie trudn\u0105 sytuacj\u0105 epidemiczn\u0105. Burzy ona codzienn\u0105 dzia\u0142alno\u015b\u0107 wielu dziedzin \u017cycia, a plac\u00f3wek edukacyjnych w spos\u00f3b szczeg\u00f3lny. Mamy \u015bwiadomo\u015b\u0107, \u017ce to temat wyj\u0105tkowo problematyczny i dla nas, i dla Was, destabilizuj\u0105cy funkcjonowanie Waszych rodzin.<\/strong><\/em><\/span><br \/>\n<em><strong><span style=\"color: #339966;font-size: 14pt\">Od najbli\u017cszego poniedzia\u0142ku\u00a0 29 marca,\u00a0 zaczn\u0105 obowi\u0105zywa\u0107, nowe wytyczne wprowadzone przez\u00a0 Rz\u0105d. W zwi\u0105zku z powy\u017cszym,\u00a0 kolejny raz,\u00a0 jeste\u015bmy zmuszeni wprowadzi\u0107 korekty w naszym wsp\u00f3lnym \u017cyciu. To okoliczno\u015bci mocno uci\u0105\u017cliwe, jednak nie pozostaje nam nic innego, jak zastosowa\u0107 si\u0119 do wytycznych i prosi\u0107 Was o zrozumienie oraz wsp\u00f3\u0142prac\u0119.<\/span><\/strong><\/em><br \/>\n<em><strong><span style=\"color: #339966;font-size: 14pt\">Od poniedzia\u0142ku b\u0119dziemy pracowa\u0107 w nast\u0119puj\u0105cym re\u017cimie i wed\u0142ug poni\u017cszych regu\u0142:<\/span><\/strong><\/em><br \/>\n<span style=\"color: #800080\"><strong><em><span style=\"font-size: 14pt\">1. Na wniosek rodzic\u00f3w dzieci:<\/span><\/em><\/strong><\/span><\/p>\n<ul>\n<li><span style=\"color: #993300;font-size: 14pt\">posiadaj\u0105cych orzeczenie o potrzebie kszta\u0142cenia specjalnego,<\/span><\/li>\n<li><span style=\"color: #993300;font-size: 14pt\">dzieci, kt\u00f3rych rodzice s\u0105 pracownikami systemu ochrony zdrowia,<\/span><\/li>\n<li><span style=\"color: #993300;font-size: 14pt\">s\u0142u\u017cb mundurowych,<\/span><\/li>\n<li><span style=\"color: #993300;font-size: 14pt\">przedsi\u0119biorstw produkcyjnych realizuj\u0105cych zadania zwi\u0105zane z zapobieganiem, przeciwdzia\u0142aniem i zwalczaniem COVID-19<\/span><\/li>\n<li><span style=\"color: #993300;font-size: 14pt\">pracownikami przedsi\u0119biorstw zwi\u0105zanych z utrzymaniem miasta<\/span><\/li>\n<\/ul>\n<p><span style=\"color: #800080\"><em><strong><span style=\"font-size: 14pt\">dyrektor zorganizuje zaj\u0119cia w przedszkolu, oddziale przedszkolnym w szkole podstawowej, do kt\u00f3rej ucz\u0119szczaj\u0105 te dzieci.<\/span><\/strong><\/em><\/span><br \/>\n<em><strong><span style=\"color: #800080;font-size: 14pt\">2. Je\u017celi zgodnie z Rozporz\u0105dzeniem MEN przys\u0142uguje Pa\u0144stwu opieka nad dzieckiem, prosimy o wype\u0142nienie wniosku\u00a0 i z\u0142o\u017cenie b\u0105d\u017a przes\u0142anie do\u00a0 Dyrektora.<\/span><\/strong><\/em><br \/>\n<em><strong><span style=\"color: #800080;font-size: 14pt\">3. Pozosta\u0142ym rodzicom w okresie od 29.03 do 11.04 przys\u0142uguje zasi\u0142ek opieku\u0144czy.<\/span><\/strong><\/em><\/p>\n<p><span style=\"color: #008000\"><em><span style=\"font-size: 14pt\">Wniosek do pobrania, i przes\u0142ania na poczt\u0119 plac\u00f3wki<\/span><\/em><\/span> <span style=\"color: #0000ff\">sekretariat.p018@wroclawskaedukacja.pl <\/span><em><span style=\"color: #008000;font-size: 14pt\">w przypadku spe\u0142niania powy\u017cszych kryteri\u00f3w. <\/span><\/em><\/p>\n<p><a href=\"https:\/\/przedszkole18.edu.wroclaw.pl\/wp-content\/uploads\/sites\/36\/2021\/03\/Wniosek-dla-rodzica-.doc\">Wniosek dla rodzica<\/a><\/p>\n<p><a href=\"https:\/\/przedszkole18.edu.wroclaw.pl\/wp-content\/uploads\/sites\/36\/2021\/03\/projekt-Rozporzadzenia-MEN.doc\">projekt Rozporz\u0105dzenia MEN<\/a><\/p>\n<p><span style=\"font-size: 14pt;color: #800000\"><em><strong>Apeluj\u0119 tak\u017ce do Pa\u0144stwa o\u00a0 unikanie zabierania dzieci,\u00a0 do sklep\u00f3w i innych miejsc u\u017cyteczno\u015bci publicznej, kt\u00f3re jeszcze s\u0105 otwarte. Pozdrawiam i \u017cycz\u0119 zdrowia. <span style=\"font-size: 12pt\">Lidia Walczak-I\u017cycka\u00a0<\/span><\/strong> <\/em><\/span><\/p>\n","protected":false},"excerpt":{"rendered":"<p>\u00a0\u00a0\u00a0\u00a0\u00a0\u00a0\u00a0\u00a0\u00a0\u00a0\u00a0\u00a0\u00a0\u00a0\u00a0\u00a0\u00a0\u00a0\u00a0\u00a0\u00a0\u00a0\u00a0\u00a0 \u00a0\u00a0\u00a0\u00a0\u00a0 \u00a0\u00a0\u00a0\u00a0\u00a0\u00a0\u00a0\u00a0\u00a0\u00a0Drodzy Rodzice! \u00a0\u00a0\u00a0 Ju\u017c od\u00a0 roku zmagamy si\u0119 w kraju z ekstremalnie trudn\u0105 sytuacj\u0105 epidemiczn\u0105. Burzy ona codzienn\u0105 dzia\u0142alno\u015b\u0107 wielu dziedzin \u017cycia, a plac\u00f3wek edukacyjnych w spos\u00f3b szczeg\u00f3lny. [&hellip;]<\/p>\n","protected":false},"author":115,"featured_media":629,"comment_status":"closed","ping_status":"closed","sticky":false,"template":"","format":"standard","meta":{"ngg_post_thumbnail":0,"footnotes":""},"categories":[3],"tags":[],"class_list":["post-3530","post","type-post","status-publish","format-standard","has-post-thumbnail","hentry","category-aktualnosci","clearfix"],"_links":{"self":[{"href":"https:\/\/przedszkole18.edu.wroclaw.pl\/index.php\/wp-json\/wp\/v2\/posts\/3530","targetHints":{"allow":["GET"]}}],"collection":[{"href":"https:\/\/przedszkole18.edu.wroclaw.pl\/index.php\/wp-json\/wp\/v2\/posts"}],"about":[{"href":"https:\/\/przedszkole18.edu.wroclaw.pl\/index.php\/wp-json\/wp\/v2\/types\/post"}],"author":[{"embeddable":true,"href":"https:\/\/przedszkole18.edu.wroclaw.pl\/index.php\/wp-json\/wp\/v2\/users\/115"}],"replies":[{"embeddable":true,"href":"https:\/\/przedszkole18.edu.wroclaw.pl\/index.php\/wp-json\/wp\/v2\/comments?post=3530"}],"version-history":[{"count":3,"href":"https:\/\/przedszkole18.edu.wroclaw.pl\/index.php\/wp-json\/wp\/v2\/posts\/3530\/revisions"}],"predecessor-version":[{"id":3533,"href":"https:\/\/przedszkole18.edu.wroclaw.pl\/index.php\/wp-json\/wp\/v2\/posts\/3530\/revisions\/3533"}],"wp:featuredmedia":[{"embeddable":true,"href":"https:\/\/przedszkole18.edu.wroclaw.pl\/index.php\/wp-json\/wp\/v2\/media\/629"}],"wp:attachment":[{"href":"https:\/\/przedszkole18.edu.wroclaw.pl\/index.php\/wp-json\/wp\/v2\/media?parent=3530"}],"wp:term":[{"taxonomy":"category","embeddable":true,"href":"https:\/\/przedszkole18.edu.wroclaw.pl\/index.php\/wp-json\/wp\/v2\/categories?post=3530"},{"taxonomy":"post_tag","embeddable":true,"href":"https:\/\/przedszkole18.edu.wroclaw.pl\/index.php\/wp-json\/wp\/v2\/tags?post=3530"}],"curies":[{"name":"wp","href":"https:\/\/api.w.org\/{rel}","templated":true}]}}