
{"id":3534,"date":"2021-03-27T21:16:19","date_gmt":"2021-03-27T20:16:19","guid":{"rendered":"https:\/\/przedszkole18.edu.wroclaw.pl\/?p=3534"},"modified":"2021-03-27T21:16:19","modified_gmt":"2021-03-27T20:16:19","slug":"komunikat-2","status":"publish","type":"post","link":"https:\/\/przedszkole18.edu.wroclaw.pl\/index.php\/2021\/03\/27\/komunikat-2\/","title":{"rendered":"Komunikat!"},"content":{"rendered":"<p><strong><span style=\"color: #0000ff\"><em><span style=\"font-size: 14pt\">Szanowni Pa\u0144stwo, oczekuj\u0119 na wnioski przyj\u0119cia dziecka do plac\u00f3wki w terminie od 29 marca do 09 kwietnia. Je\u017celi macie pa\u0144stwo inn\u0105 trudn\u0105 sytuacje i konieczno\u015b\u0107\u00a0 pomocy,\u00a0 prosz\u0119 o kontakt telefoniczny, mo\u017ce b\u0119d\u0119 mog\u0142a\u00a0 pom\u00f3c.<\/span><\/em><\/span><\/strong><\/p>\n<p><em><strong><span style=\"font-size: 14pt;color: #008000\">Nauczyciele grup na swoich zak\u0142adkach\u00a0 grupowych, zamieszcza\u0107 b\u0119d\u0105 propozycje zaj\u0119\u0107 i zabaw dla dzieci, b\u0119d\u0105 si\u0119 z Pa\u0144stwem kontaktowa\u0107 drog\u0119 e-mail i telefonicznie. W sytuacji potrzeby kontaktu indywidualnego z nauczycielami,\u00a0 konsultacji lub innego potrzebnego wsparcia,\u00a0 prosz\u0119 dzwoni\u0107 do plac\u00f3wki. Przypominam tak\u017ce, \u017ce logopeda Pani Ma\u0142gorzata M. proponuje\u00a0 prowadzenie swoich zaj\u0119\u0107 lub spotka\u0144 z Pa\u0144stwem za pomoc\u0105 skype.\u00a0\u00a0<\/span><\/strong><\/em><\/p>\n<p><em><span style=\"font-size: 14pt;color: #800000\"><strong>Wszystkim \u017cycz\u0119 du\u017co zdrowia, dbajcie o siebie i rodziny.<\/strong> Pozdrawiam. Lidia Walczak-I\u017cycka 728 520 159<\/span><\/em><\/p>\n","protected":false},"excerpt":{"rendered":"<p>Szanowni Pa\u0144stwo, oczekuj\u0119 na wnioski przyj\u0119cia dziecka do plac\u00f3wki w terminie od 29 marca do 09 kwietnia. Je\u017celi macie pa\u0144stwo inn\u0105 trudn\u0105 sytuacje i konieczno\u015b\u0107\u00a0 pomocy,\u00a0 prosz\u0119 o kontakt telefoniczny, [&hellip;]<\/p>\n","protected":false},"author":115,"featured_media":629,"comment_status":"closed","ping_status":"closed","sticky":false,"template":"","format":"standard","meta":{"ngg_post_thumbnail":0,"footnotes":""},"categories":[3],"tags":[],"class_list":["post-3534","post","type-post","status-publish","format-standard","has-post-thumbnail","hentry","category-aktualnosci","clearfix"],"_links":{"self":[{"href":"https:\/\/przedszkole18.edu.wroclaw.pl\/index.php\/wp-json\/wp\/v2\/posts\/3534","targetHints":{"allow":["GET"]}}],"collection":[{"href":"https:\/\/przedszkole18.edu.wroclaw.pl\/index.php\/wp-json\/wp\/v2\/posts"}],"about":[{"href":"https:\/\/przedszkole18.edu.wroclaw.pl\/index.php\/wp-json\/wp\/v2\/types\/post"}],"author":[{"embeddable":true,"href":"https:\/\/przedszkole18.edu.wroclaw.pl\/index.php\/wp-json\/wp\/v2\/users\/115"}],"replies":[{"embeddable":true,"href":"https:\/\/przedszkole18.edu.wroclaw.pl\/index.php\/wp-json\/wp\/v2\/comments?post=3534"}],"version-history":[{"count":1,"href":"https:\/\/przedszkole18.edu.wroclaw.pl\/index.php\/wp-json\/wp\/v2\/posts\/3534\/revisions"}],"predecessor-version":[{"id":3535,"href":"https:\/\/przedszkole18.edu.wroclaw.pl\/index.php\/wp-json\/wp\/v2\/posts\/3534\/revisions\/3535"}],"wp:featuredmedia":[{"embeddable":true,"href":"https:\/\/przedszkole18.edu.wroclaw.pl\/index.php\/wp-json\/wp\/v2\/media\/629"}],"wp:attachment":[{"href":"https:\/\/przedszkole18.edu.wroclaw.pl\/index.php\/wp-json\/wp\/v2\/media?parent=3534"}],"wp:term":[{"taxonomy":"category","embeddable":true,"href":"https:\/\/przedszkole18.edu.wroclaw.pl\/index.php\/wp-json\/wp\/v2\/categories?post=3534"},{"taxonomy":"post_tag","embeddable":true,"href":"https:\/\/przedszkole18.edu.wroclaw.pl\/index.php\/wp-json\/wp\/v2\/tags?post=3534"}],"curies":[{"name":"wp","href":"https:\/\/api.w.org\/{rel}","templated":true}]}}