
{"id":3585,"date":"2021-03-29T14:03:32","date_gmt":"2021-03-29T12:03:32","guid":{"rendered":"https:\/\/przedszkole18.edu.wroclaw.pl\/?p=3585"},"modified":"2021-03-30T09:49:59","modified_gmt":"2021-03-30T07:49:59","slug":"wniosek-do-zarzadzenia-prezydenta-miasta","status":"publish","type":"post","link":"https:\/\/przedszkole18.edu.wroclaw.pl\/index.php\/2021\/03\/29\/wniosek-do-zarzadzenia-prezydenta-miasta\/","title":{"rendered":"Wniosek do Zarz\u0105dzenia Prezydenta Miasta"},"content":{"rendered":"<p><span style=\"font-size: 14pt;color: #800000\"><em><strong>Witam za\u0142\u0105czam nowy wniosek do Zarz\u0105dzenia Prezydenta Miasta w sprawie przyj\u0119cia do plac\u00f3wki wychowanka w terminie od 29.03.2021 do 09.04.2021r. Pozdrawiam i \u017cycz\u0119 zdrowia. I\u017cycka\u00a0<\/strong> <\/em><\/span><\/p>\n<p><a href=\"https:\/\/przedszkole18.edu.wroclaw.pl\/wp-content\/uploads\/sites\/36\/2021\/03\/Wniosek-zalacznik-nr-1-do-zarzadzenia-Prezydenta-Wroclawia-1.doc\">Wniosek za\u0142\u0105cznik nr 1 do zarz\u0105dzenia Prezydenta Wroc\u0142awia (1)<\/a><\/p>\n<p><a href=\"https:\/\/przedszkole18.edu.wroclaw.pl\/wp-content\/uploads\/sites\/36\/2021\/03\/Zarzadzenie-4912.pdf\">Zarz\u0105dzenie 4912<\/a><\/p>\n","protected":false},"excerpt":{"rendered":"<p>Witam za\u0142\u0105czam nowy wniosek do Zarz\u0105dzenia Prezydenta Miasta w sprawie przyj\u0119cia do plac\u00f3wki wychowanka w terminie od 29.03.2021 do 09.04.2021r. Pozdrawiam i \u017cycz\u0119 zdrowia. I\u017cycka\u00a0 Wniosek za\u0142\u0105cznik nr 1 do [&hellip;]<\/p>\n","protected":false},"author":115,"featured_media":2500,"comment_status":"closed","ping_status":"closed","sticky":false,"template":"","format":"standard","meta":{"ngg_post_thumbnail":0,"footnotes":""},"categories":[3],"tags":[],"class_list":["post-3585","post","type-post","status-publish","format-standard","has-post-thumbnail","hentry","category-aktualnosci","clearfix"],"_links":{"self":[{"href":"https:\/\/przedszkole18.edu.wroclaw.pl\/index.php\/wp-json\/wp\/v2\/posts\/3585","targetHints":{"allow":["GET"]}}],"collection":[{"href":"https:\/\/przedszkole18.edu.wroclaw.pl\/index.php\/wp-json\/wp\/v2\/posts"}],"about":[{"href":"https:\/\/przedszkole18.edu.wroclaw.pl\/index.php\/wp-json\/wp\/v2\/types\/post"}],"author":[{"embeddable":true,"href":"https:\/\/przedszkole18.edu.wroclaw.pl\/index.php\/wp-json\/wp\/v2\/users\/115"}],"replies":[{"embeddable":true,"href":"https:\/\/przedszkole18.edu.wroclaw.pl\/index.php\/wp-json\/wp\/v2\/comments?post=3585"}],"version-history":[{"count":2,"href":"https:\/\/przedszkole18.edu.wroclaw.pl\/index.php\/wp-json\/wp\/v2\/posts\/3585\/revisions"}],"predecessor-version":[{"id":3623,"href":"https:\/\/przedszkole18.edu.wroclaw.pl\/index.php\/wp-json\/wp\/v2\/posts\/3585\/revisions\/3623"}],"wp:featuredmedia":[{"embeddable":true,"href":"https:\/\/przedszkole18.edu.wroclaw.pl\/index.php\/wp-json\/wp\/v2\/media\/2500"}],"wp:attachment":[{"href":"https:\/\/przedszkole18.edu.wroclaw.pl\/index.php\/wp-json\/wp\/v2\/media?parent=3585"}],"wp:term":[{"taxonomy":"category","embeddable":true,"href":"https:\/\/przedszkole18.edu.wroclaw.pl\/index.php\/wp-json\/wp\/v2\/categories?post=3585"},{"taxonomy":"post_tag","embeddable":true,"href":"https:\/\/przedszkole18.edu.wroclaw.pl\/index.php\/wp-json\/wp\/v2\/tags?post=3585"}],"curies":[{"name":"wp","href":"https:\/\/api.w.org\/{rel}","templated":true}]}}