
{"id":3625,"date":"2021-03-30T11:07:04","date_gmt":"2021-03-30T09:07:04","guid":{"rendered":"https:\/\/przedszkole18.edu.wroclaw.pl\/?p=3625"},"modified":"2021-03-30T11:07:04","modified_gmt":"2021-03-30T09:07:04","slug":"kontakt-z-logopeda-2","status":"publish","type":"post","link":"https:\/\/przedszkole18.edu.wroclaw.pl\/index.php\/2021\/03\/30\/kontakt-z-logopeda-2\/","title":{"rendered":"KONTAKT Z LOGOPED\u0104"},"content":{"rendered":"<p><span style=\"color: #000000\">Szanowni Rodzice.<\/span><\/p>\n<p><span style=\"color: #000000\">Z uwagi na zaistnia\u0142\u0105 sytuacj\u0119 &#8211; chwilowe zamkni\u0119cie przedszkola &#8211; wszystkie prowadzone przeze mnie zaj\u0119cia s\u0105 zawieszone. Chc\u0105c jednak u\u0142atwi\u0107 Pa\u0144stwu prac\u0119 w domu, b\u0119d\u0119 zamieszcza\u0142a w zak\u0142adce MPPL, cele logopedyczne, nad jakimi mieli\u015bmy zamiar pracowa\u0107 w kwietniu, w poszczeg\u00f3lnych grupach wiekowych, a tak\u017ce propozycje \u0107wicze\u0144, s\u0142u\u017c\u0105cych do osi\u0105gni\u0119cia tych cel\u00f3w. Serdecznie zapraszam do \u015bledzenia wpis\u00f3w w prowadzonej przeze mnie zak\u0142adce, kt\u00f3re od jutra zaczn\u0105 \u0105 si\u0119 tam pojawia\u0107.\u00a0<\/span><\/p>\n<p><span style=\"color: #000000\">Dodatkowo, wszystkich rodzic\u00f3w chc\u0105cych skontaktowa\u0107 si\u0119 ze mn\u0105 indywidualnie, zapraszam do kontaktu za po\u015brednictwem e- meila, pod adresem:\u00a0<span style=\"color: #008000\"> logopeda.malgorzata@michalska.edu.pl\u00a0<\/span> \u00a0lub komunikatora Skyp, pod adresem <span style=\"color: #008000\">Logopeda P-18 Ma\u0142gorzata Michalska <\/span>.\u00a0<span style=\"color: #800000\"> \u00a0Dy\u017cur przy Skyp pe\u0142ni\u0119 w okresie zamkni\u0119cia przedszkoli, w czwartki od godziny 14.00 do 17.00.<\/span><\/span><\/p>\n<p><span style=\"color: #000000\">Pozdrawiam\u00a0<\/span><\/p>\n<p><span style=\"color: #000000\">logopeda Ma\u0142gorzata Michalska\u00a0<\/span><\/p>\n","protected":false},"excerpt":{"rendered":"<p>Szanowni Rodzice. Z uwagi na zaistnia\u0142\u0105 sytuacj\u0119 &#8211; chwilowe zamkni\u0119cie przedszkola &#8211; wszystkie prowadzone przeze mnie zaj\u0119cia s\u0105 zawieszone. Chc\u0105c jednak u\u0142atwi\u0107 Pa\u0144stwu prac\u0119 w domu, b\u0119d\u0119 zamieszcza\u0142a w zak\u0142adce [&hellip;]<\/p>\n","protected":false},"author":119,"featured_media":102,"comment_status":"closed","ping_status":"closed","sticky":false,"template":"","format":"standard","meta":{"ngg_post_thumbnail":0,"footnotes":""},"categories":[3],"tags":[],"class_list":["post-3625","post","type-post","status-publish","format-standard","has-post-thumbnail","hentry","category-aktualnosci","clearfix"],"_links":{"self":[{"href":"https:\/\/przedszkole18.edu.wroclaw.pl\/index.php\/wp-json\/wp\/v2\/posts\/3625","targetHints":{"allow":["GET"]}}],"collection":[{"href":"https:\/\/przedszkole18.edu.wroclaw.pl\/index.php\/wp-json\/wp\/v2\/posts"}],"about":[{"href":"https:\/\/przedszkole18.edu.wroclaw.pl\/index.php\/wp-json\/wp\/v2\/types\/post"}],"author":[{"embeddable":true,"href":"https:\/\/przedszkole18.edu.wroclaw.pl\/index.php\/wp-json\/wp\/v2\/users\/119"}],"replies":[{"embeddable":true,"href":"https:\/\/przedszkole18.edu.wroclaw.pl\/index.php\/wp-json\/wp\/v2\/comments?post=3625"}],"version-history":[{"count":1,"href":"https:\/\/przedszkole18.edu.wroclaw.pl\/index.php\/wp-json\/wp\/v2\/posts\/3625\/revisions"}],"predecessor-version":[{"id":3626,"href":"https:\/\/przedszkole18.edu.wroclaw.pl\/index.php\/wp-json\/wp\/v2\/posts\/3625\/revisions\/3626"}],"wp:featuredmedia":[{"embeddable":true,"href":"https:\/\/przedszkole18.edu.wroclaw.pl\/index.php\/wp-json\/wp\/v2\/media\/102"}],"wp:attachment":[{"href":"https:\/\/przedszkole18.edu.wroclaw.pl\/index.php\/wp-json\/wp\/v2\/media?parent=3625"}],"wp:term":[{"taxonomy":"category","embeddable":true,"href":"https:\/\/przedszkole18.edu.wroclaw.pl\/index.php\/wp-json\/wp\/v2\/categories?post=3625"},{"taxonomy":"post_tag","embeddable":true,"href":"https:\/\/przedszkole18.edu.wroclaw.pl\/index.php\/wp-json\/wp\/v2\/tags?post=3625"}],"curies":[{"name":"wp","href":"https:\/\/api.w.org\/{rel}","templated":true}]}}