
{"id":3734,"date":"2021-04-02T13:08:05","date_gmt":"2021-04-02T11:08:05","guid":{"rendered":"https:\/\/przedszkole18.edu.wroclaw.pl\/?p=3734"},"modified":"2021-04-02T13:28:32","modified_gmt":"2021-04-02T11:28:32","slug":"swiateczne-zyczenia","status":"publish","type":"post","link":"https:\/\/przedszkole18.edu.wroclaw.pl\/index.php\/2021\/04\/02\/swiateczne-zyczenia\/","title":{"rendered":"\u015awi\u0105teczne \u017cyczenia."},"content":{"rendered":"<p><span style=\"color: #008000\"><strong><em><span style=\"font-size: 14pt\">Drodzy Rodzice, kochane przedszkolaki, kole\u017canki i koledzy!\u00a0<\/span><\/em><\/strong><\/span><\/p>\n<p><span style=\"color: #99cc00\"><em><strong><span style=\"font-size: 14pt\"> Z okazji nadchodz\u0105cych \u015awi\u0105t Wielkanocnych, \u017cycz\u0119 wszystkim zdrowia, spokoju i trwa\u0142ej nadziei na lepszy czas. Du\u017co s\u0142o\u0144ca w sercu,\u00a0 pogodnych my\u015bli,\u00a0 wzajemnej \u017cyczliwo\u015bci , wszystkiego co czyni nas dobrymi lud\u017ami. <\/span><\/strong><\/em><\/span><\/p>\n<p><span style=\"color: #ff9900\"><em><strong><span style=\"font-size: 14pt\">Dzi\u0119kuj\u0119\u00a0 wszystkim rodzicom za wsparcie i zrozumienie,\u00a0 a kole\u017cankom i kolegom za trwanie w plac\u00f3wce i przed komputerami,\u00a0 aby wszystko\u00a0 co robimy,\u00a0\u00a0 mia\u0142o cho\u0107\u00a0 znamiona normalno\u015bci.<\/span> <\/strong><\/em><\/span><\/p>\n<p><span style=\"color: #008000\"><em><span style=\"font-size: 14pt\">Pozdrawiam serdecznie,\u00a0 do zobaczenia. Lidia Walczak-I\u017cycka\u00a0<\/span> <\/em><\/span><\/p>\n","protected":false},"excerpt":{"rendered":"<p>Drodzy Rodzice, kochane przedszkolaki, kole\u017canki i koledzy!\u00a0 Z okazji nadchodz\u0105cych \u015awi\u0105t Wielkanocnych, \u017cycz\u0119 wszystkim zdrowia, spokoju i trwa\u0142ej nadziei na lepszy czas. Du\u017co s\u0142o\u0144ca w sercu,\u00a0 pogodnych my\u015bli,\u00a0 wzajemnej \u017cyczliwo\u015bci [&hellip;]<\/p>\n","protected":false},"author":115,"featured_media":0,"comment_status":"closed","ping_status":"closed","sticky":false,"template":"","format":"standard","meta":{"ngg_post_thumbnail":0,"footnotes":""},"categories":[3],"tags":[],"class_list":["post-3734","post","type-post","status-publish","format-standard","hentry","category-aktualnosci","clearfix"],"_links":{"self":[{"href":"https:\/\/przedszkole18.edu.wroclaw.pl\/index.php\/wp-json\/wp\/v2\/posts\/3734","targetHints":{"allow":["GET"]}}],"collection":[{"href":"https:\/\/przedszkole18.edu.wroclaw.pl\/index.php\/wp-json\/wp\/v2\/posts"}],"about":[{"href":"https:\/\/przedszkole18.edu.wroclaw.pl\/index.php\/wp-json\/wp\/v2\/types\/post"}],"author":[{"embeddable":true,"href":"https:\/\/przedszkole18.edu.wroclaw.pl\/index.php\/wp-json\/wp\/v2\/users\/115"}],"replies":[{"embeddable":true,"href":"https:\/\/przedszkole18.edu.wroclaw.pl\/index.php\/wp-json\/wp\/v2\/comments?post=3734"}],"version-history":[{"count":4,"href":"https:\/\/przedszkole18.edu.wroclaw.pl\/index.php\/wp-json\/wp\/v2\/posts\/3734\/revisions"}],"predecessor-version":[{"id":3738,"href":"https:\/\/przedszkole18.edu.wroclaw.pl\/index.php\/wp-json\/wp\/v2\/posts\/3734\/revisions\/3738"}],"wp:attachment":[{"href":"https:\/\/przedszkole18.edu.wroclaw.pl\/index.php\/wp-json\/wp\/v2\/media?parent=3734"}],"wp:term":[{"taxonomy":"category","embeddable":true,"href":"https:\/\/przedszkole18.edu.wroclaw.pl\/index.php\/wp-json\/wp\/v2\/categories?post=3734"},{"taxonomy":"post_tag","embeddable":true,"href":"https:\/\/przedszkole18.edu.wroclaw.pl\/index.php\/wp-json\/wp\/v2\/tags?post=3734"}],"curies":[{"name":"wp","href":"https:\/\/api.w.org\/{rel}","templated":true}]}}