
{"id":4049,"date":"2021-04-23T05:00:10","date_gmt":"2021-04-23T03:00:10","guid":{"rendered":"https:\/\/przedszkole18.edu.wroclaw.pl\/?p=4049"},"modified":"2021-04-23T05:02:39","modified_gmt":"2021-04-23T03:02:39","slug":"miedzynarodowy-dzien-ziemi","status":"publish","type":"post","link":"https:\/\/przedszkole18.edu.wroclaw.pl\/index.php\/2021\/04\/23\/miedzynarodowy-dzien-ziemi\/","title":{"rendered":"MI\u0118DZYNARODOWY DZIE\u0143 ZIEMI"},"content":{"rendered":"<p><span style=\"color: #0000ff;font-size: 14pt\"><strong>Wczoraj w naszym przedszkolu obchodzili\u015bmy <\/strong><\/span><\/p>\n<p><span style=\"color: #0000ff;font-size: 18pt\"><strong><span style=\"color: #008000\">Mi\u0119dzynarodowy Dzie\u0144 Ziemi<\/span> <\/strong><\/span><\/p>\n<p><span style=\"color: #0000ff\"><strong><span style=\"font-size: 14pt\">Podczas zaj\u0119\u0107 dydaktycznych dzieci dowiedzia\u0142y si\u0119 jak dba\u0107 o \u015brodowisko i otaczaj\u0105c\u0105 nas przyrod\u0119. Do rozwi\u0105zania by\u0142y te\u017c interaktywne zadania i zagadki, z kt\u00f3rymi nasze przedszkolaki poradzi\u0142y sobie \u015bwietnie. Dzieci z ka\u017cdej grupy wykona\u0142y te\u017c wsp\u00f3lnie plakaty o tematyce ekologicznej \u2013 zosta\u0142y one \u00a0zamieszczone przed wej\u015bciem do przedszkola.<\/span><\/strong><\/span><\/p>\n<p><a href=\"https:\/\/przedszkole18.edu.wroclaw.pl\/wp-content\/uploads\/sites\/36\/2021\/04\/1-4-scaled.jpg\"><img loading=\"lazy\" decoding=\"async\" class=\"alignnone size-medium wp-image-4040\" src=\"https:\/\/przedszkole18.edu.wroclaw.pl\/wp-content\/uploads\/sites\/36\/2021\/04\/1-4-225x300.jpg\" alt=\"\" width=\"225\" height=\"300\" \/><\/a>\u00a0 <a href=\"https:\/\/przedszkole18.edu.wroclaw.pl\/wp-content\/uploads\/sites\/36\/2021\/04\/2-scaled.jpg\"><img loading=\"lazy\" decoding=\"async\" class=\"alignnone size-medium wp-image-4041\" src=\"https:\/\/przedszkole18.edu.wroclaw.pl\/wp-content\/uploads\/sites\/36\/2021\/04\/2-300x225.jpg\" alt=\"\" width=\"300\" height=\"225\" \/><\/a><a href=\"https:\/\/przedszkole18.edu.wroclaw.pl\/wp-content\/uploads\/sites\/36\/2021\/04\/3-1-scaled.jpg\"><img loading=\"lazy\" decoding=\"async\" class=\"alignnone size-medium wp-image-4042\" src=\"https:\/\/przedszkole18.edu.wroclaw.pl\/wp-content\/uploads\/sites\/36\/2021\/04\/3-1-225x300.jpg\" alt=\"\" width=\"225\" height=\"300\" \/><\/a><a href=\"https:\/\/przedszkole18.edu.wroclaw.pl\/wp-content\/uploads\/sites\/36\/2021\/04\/4-1-scaled.jpg\"><img loading=\"lazy\" decoding=\"async\" class=\"alignnone size-medium wp-image-4043\" src=\"https:\/\/przedszkole18.edu.wroclaw.pl\/wp-content\/uploads\/sites\/36\/2021\/04\/4-1-225x300.jpg\" alt=\"\" width=\"225\" height=\"300\" \/><\/a><a href=\"https:\/\/przedszkole18.edu.wroclaw.pl\/wp-content\/uploads\/sites\/36\/2021\/04\/5-1-scaled.jpg\"><img loading=\"lazy\" decoding=\"async\" class=\"alignnone size-medium wp-image-4044\" src=\"https:\/\/przedszkole18.edu.wroclaw.pl\/wp-content\/uploads\/sites\/36\/2021\/04\/5-1-300x225.jpg\" alt=\"\" width=\"300\" height=\"225\" \/><\/a><a href=\"https:\/\/przedszkole18.edu.wroclaw.pl\/wp-content\/uploads\/sites\/36\/2021\/04\/6-1-scaled.jpg\"><img loading=\"lazy\" decoding=\"async\" class=\"alignnone size-medium wp-image-4045\" src=\"https:\/\/przedszkole18.edu.wroclaw.pl\/wp-content\/uploads\/sites\/36\/2021\/04\/6-1-225x300.jpg\" alt=\"\" width=\"225\" height=\"300\" \/><\/a><\/p>\n","protected":false},"excerpt":{"rendered":"<p>Wczoraj w naszym przedszkolu obchodzili\u015bmy Mi\u0119dzynarodowy Dzie\u0144 Ziemi Podczas zaj\u0119\u0107 dydaktycznych dzieci dowiedzia\u0142y si\u0119 jak dba\u0107 o \u015brodowisko i otaczaj\u0105c\u0105 nas przyrod\u0119. Do rozwi\u0105zania by\u0142y te\u017c interaktywne zadania i zagadki, [&hellip;]<\/p>\n","protected":false},"author":108,"featured_media":1398,"comment_status":"closed","ping_status":"closed","sticky":false,"template":"","format":"standard","meta":{"ngg_post_thumbnail":0,"footnotes":""},"categories":[3],"tags":[],"class_list":["post-4049","post","type-post","status-publish","format-standard","has-post-thumbnail","hentry","category-aktualnosci","clearfix"],"_links":{"self":[{"href":"https:\/\/przedszkole18.edu.wroclaw.pl\/index.php\/wp-json\/wp\/v2\/posts\/4049","targetHints":{"allow":["GET"]}}],"collection":[{"href":"https:\/\/przedszkole18.edu.wroclaw.pl\/index.php\/wp-json\/wp\/v2\/posts"}],"about":[{"href":"https:\/\/przedszkole18.edu.wroclaw.pl\/index.php\/wp-json\/wp\/v2\/types\/post"}],"author":[{"embeddable":true,"href":"https:\/\/przedszkole18.edu.wroclaw.pl\/index.php\/wp-json\/wp\/v2\/users\/108"}],"replies":[{"embeddable":true,"href":"https:\/\/przedszkole18.edu.wroclaw.pl\/index.php\/wp-json\/wp\/v2\/comments?post=4049"}],"version-history":[{"count":2,"href":"https:\/\/przedszkole18.edu.wroclaw.pl\/index.php\/wp-json\/wp\/v2\/posts\/4049\/revisions"}],"predecessor-version":[{"id":4051,"href":"https:\/\/przedszkole18.edu.wroclaw.pl\/index.php\/wp-json\/wp\/v2\/posts\/4049\/revisions\/4051"}],"wp:featuredmedia":[{"embeddable":true,"href":"https:\/\/przedszkole18.edu.wroclaw.pl\/index.php\/wp-json\/wp\/v2\/media\/1398"}],"wp:attachment":[{"href":"https:\/\/przedszkole18.edu.wroclaw.pl\/index.php\/wp-json\/wp\/v2\/media?parent=4049"}],"wp:term":[{"taxonomy":"category","embeddable":true,"href":"https:\/\/przedszkole18.edu.wroclaw.pl\/index.php\/wp-json\/wp\/v2\/categories?post=4049"},{"taxonomy":"post_tag","embeddable":true,"href":"https:\/\/przedszkole18.edu.wroclaw.pl\/index.php\/wp-json\/wp\/v2\/tags?post=4049"}],"curies":[{"name":"wp","href":"https:\/\/api.w.org\/{rel}","templated":true}]}}