
{"id":4063,"date":"2021-04-23T13:48:08","date_gmt":"2021-04-23T11:48:08","guid":{"rendered":"https:\/\/przedszkole18.edu.wroclaw.pl\/?p=4063"},"modified":"2021-04-23T13:48:08","modified_gmt":"2021-04-23T11:48:08","slug":"rekrutacja-3","status":"publish","type":"post","link":"https:\/\/przedszkole18.edu.wroclaw.pl\/index.php\/2021\/04\/23\/rekrutacja-3\/","title":{"rendered":"Rekrutacja."},"content":{"rendered":"<p><em><strong><span style=\"font-size: 18pt;color: #800000\">Szanowni Pa\u0144stwo ! <\/span>\u00a0<\/strong><\/em><\/p>\n<p><strong><span style=\"color: #008000;font-size: 14pt\"><em>Wsze<\/em><\/span><span style=\"font-size: 14pt;color: #008000\"><em><span style=\"font-size: 14pt\"><strong>l<\/strong>kie informacje wra<\/span>z z listami dzieci zakwalifikowanych i niezakwalifikowanych po I etapie rekrutacji, \u00a0 znajduj\u0105 si\u0119 w zak\u0142adce<\/em><\/span><\/strong><\/p>\n<p><strong><span style=\"font-size: 14pt;color: #008000\"><em> \/ Dla Rodzic\u00f3w &#8211; Rekrutacja \/ zgodnie z Rozporz\u0105dzeniem MEN z 25 marca 2020r. <\/em><\/span><\/strong><\/p>\n<p><span style=\"color: #000080\"><em>Pozdrawiam i \u017cycz\u0119 zdrowia. Lidia Walczak-I\u017cycka\u00a0 &#8211; dyrektor plac\u00f3wki.\u00a0<\/em> <\/span><\/p>\n","protected":false},"excerpt":{"rendered":"<p>Szanowni Pa\u0144stwo ! \u00a0 Wszelkie informacje wraz z listami dzieci zakwalifikowanych i niezakwalifikowanych po I etapie rekrutacji, \u00a0 znajduj\u0105 si\u0119 w zak\u0142adce \/ Dla Rodzic\u00f3w &#8211; Rekrutacja \/ zgodnie z [&hellip;]<\/p>\n","protected":false},"author":115,"featured_media":2018,"comment_status":"closed","ping_status":"closed","sticky":false,"template":"","format":"standard","meta":{"ngg_post_thumbnail":0,"footnotes":""},"categories":[3],"tags":[],"class_list":["post-4063","post","type-post","status-publish","format-standard","has-post-thumbnail","hentry","category-aktualnosci","clearfix"],"_links":{"self":[{"href":"https:\/\/przedszkole18.edu.wroclaw.pl\/index.php\/wp-json\/wp\/v2\/posts\/4063","targetHints":{"allow":["GET"]}}],"collection":[{"href":"https:\/\/przedszkole18.edu.wroclaw.pl\/index.php\/wp-json\/wp\/v2\/posts"}],"about":[{"href":"https:\/\/przedszkole18.edu.wroclaw.pl\/index.php\/wp-json\/wp\/v2\/types\/post"}],"author":[{"embeddable":true,"href":"https:\/\/przedszkole18.edu.wroclaw.pl\/index.php\/wp-json\/wp\/v2\/users\/115"}],"replies":[{"embeddable":true,"href":"https:\/\/przedszkole18.edu.wroclaw.pl\/index.php\/wp-json\/wp\/v2\/comments?post=4063"}],"version-history":[{"count":1,"href":"https:\/\/przedszkole18.edu.wroclaw.pl\/index.php\/wp-json\/wp\/v2\/posts\/4063\/revisions"}],"predecessor-version":[{"id":4064,"href":"https:\/\/przedszkole18.edu.wroclaw.pl\/index.php\/wp-json\/wp\/v2\/posts\/4063\/revisions\/4064"}],"wp:featuredmedia":[{"embeddable":true,"href":"https:\/\/przedszkole18.edu.wroclaw.pl\/index.php\/wp-json\/wp\/v2\/media\/2018"}],"wp:attachment":[{"href":"https:\/\/przedszkole18.edu.wroclaw.pl\/index.php\/wp-json\/wp\/v2\/media?parent=4063"}],"wp:term":[{"taxonomy":"category","embeddable":true,"href":"https:\/\/przedszkole18.edu.wroclaw.pl\/index.php\/wp-json\/wp\/v2\/categories?post=4063"},{"taxonomy":"post_tag","embeddable":true,"href":"https:\/\/przedszkole18.edu.wroclaw.pl\/index.php\/wp-json\/wp\/v2\/tags?post=4063"}],"curies":[{"name":"wp","href":"https:\/\/api.w.org\/{rel}","templated":true}]}}