
{"id":4098,"date":"2021-04-30T15:43:05","date_gmt":"2021-04-30T13:43:05","guid":{"rendered":"https:\/\/przedszkole18.edu.wroclaw.pl\/?p=4098"},"modified":"2021-04-30T15:43:05","modified_gmt":"2021-04-30T13:43:05","slug":"garsc-waznych-informacji","status":"publish","type":"post","link":"https:\/\/przedszkole18.edu.wroclaw.pl\/index.php\/2021\/04\/30\/garsc-waznych-informacji\/","title":{"rendered":"Gar\u015b\u0107 wa\u017cnych informacji!"},"content":{"rendered":"<p><span style=\"font-size: 18pt;color: #003366\"><em><strong>Szanowni Pa\u0144stwo, kochane dzieci!\u00a0\u00a0 Propozycje na maj z nadziej\u0105 na ciep\u0142e i s\u0142oneczne dni.\u00a0<\/strong><\/em><\/span><\/p>\n<ol>\n<li><span style=\"font-size: 14pt;color: #800080\"><em><strong><span style=\"color: #00ccff\">0<strong>5 m<\/strong>aja, godzina 9.30 Bajkobus w ogrodzie przedszkolnym- zapraszamy na przedstawianie pt.&#8221;\u015awinki trzy&#8221; Teatr Doroty Brzozowskiej.<\/span> <\/strong><\/em><\/span><\/li>\n<li><span style=\"color: #008080\"><strong><span style=\"font-size: 14pt\"><em>06 maja, godzina 9.30\u00a0\u00a0 6 &#8211; latki\u00a0 zdj\u0119cia do\u00a0 przedszkolnego tablo\u00a0 &#8211; prosimy o od\u015bwi\u0119tne stroje.<\/em><\/span><\/strong><\/span><\/li>\n<li><span style=\"color: #993366\"><strong><span style=\"font-size: 14pt\"><em>12 maja\u00a0 w godzinach porannych &#8221; Przedszkolny Festiwal Piosenki i Wiersza. &#8221; <\/em><\/span><\/strong><\/span><\/li>\n<li><span style=\"font-size: 14pt;color: #ff6600\"><em><strong>W dniach od 15 do 31 maja za Pa\u0144stwa zgod\u0105 i op\u0142at\u0105,\u00a0 planujemy wyj\u015bcie dzieci starszych do Ogrodu Botanicznego &#8211; wystawa dinozaur\u00f3w.<\/strong> <\/em><\/span><\/li>\n<li><span style=\"color: #008000\"><strong><span style=\"font-size: 14pt\"><em>W dniach 26-28 maja dost\u0119pny dla przedszkola spektakl on-line pt. &#8222;Kosmolenie ratuj\u0105 Ziemi\u0119&#8221;\u00a0 &#8211; spektakl o tematyce ekologicznej.\u00a0<\/em> <\/span><\/strong><\/span><\/li>\n<\/ol>\n<p><span style=\"color: #000080\"><em>Pozdrawiam serdecznie i \u017cycz\u0119 udanego, rodzinnego wypoczynku i \u015bwi\u0119towania. Lidia Walczak-I\u017cycka\u00a0<\/em> <\/span><\/p>\n","protected":false},"excerpt":{"rendered":"<p>Szanowni Pa\u0144stwo, kochane dzieci!\u00a0\u00a0 Propozycje na maj z nadziej\u0105 na ciep\u0142e i s\u0142oneczne dni.\u00a0 05 maja, godzina 9.30 Bajkobus w ogrodzie przedszkolnym- zapraszamy na przedstawianie pt.&#8221;\u015awinki trzy&#8221; Teatr Doroty Brzozowskiej. [&hellip;]<\/p>\n","protected":false},"author":115,"featured_media":1937,"comment_status":"closed","ping_status":"closed","sticky":false,"template":"","format":"standard","meta":{"ngg_post_thumbnail":0,"footnotes":""},"categories":[3],"tags":[],"class_list":["post-4098","post","type-post","status-publish","format-standard","has-post-thumbnail","hentry","category-aktualnosci","clearfix"],"_links":{"self":[{"href":"https:\/\/przedszkole18.edu.wroclaw.pl\/index.php\/wp-json\/wp\/v2\/posts\/4098","targetHints":{"allow":["GET"]}}],"collection":[{"href":"https:\/\/przedszkole18.edu.wroclaw.pl\/index.php\/wp-json\/wp\/v2\/posts"}],"about":[{"href":"https:\/\/przedszkole18.edu.wroclaw.pl\/index.php\/wp-json\/wp\/v2\/types\/post"}],"author":[{"embeddable":true,"href":"https:\/\/przedszkole18.edu.wroclaw.pl\/index.php\/wp-json\/wp\/v2\/users\/115"}],"replies":[{"embeddable":true,"href":"https:\/\/przedszkole18.edu.wroclaw.pl\/index.php\/wp-json\/wp\/v2\/comments?post=4098"}],"version-history":[{"count":1,"href":"https:\/\/przedszkole18.edu.wroclaw.pl\/index.php\/wp-json\/wp\/v2\/posts\/4098\/revisions"}],"predecessor-version":[{"id":4099,"href":"https:\/\/przedszkole18.edu.wroclaw.pl\/index.php\/wp-json\/wp\/v2\/posts\/4098\/revisions\/4099"}],"wp:featuredmedia":[{"embeddable":true,"href":"https:\/\/przedszkole18.edu.wroclaw.pl\/index.php\/wp-json\/wp\/v2\/media\/1937"}],"wp:attachment":[{"href":"https:\/\/przedszkole18.edu.wroclaw.pl\/index.php\/wp-json\/wp\/v2\/media?parent=4098"}],"wp:term":[{"taxonomy":"category","embeddable":true,"href":"https:\/\/przedszkole18.edu.wroclaw.pl\/index.php\/wp-json\/wp\/v2\/categories?post=4098"},{"taxonomy":"post_tag","embeddable":true,"href":"https:\/\/przedszkole18.edu.wroclaw.pl\/index.php\/wp-json\/wp\/v2\/tags?post=4098"}],"curies":[{"name":"wp","href":"https:\/\/api.w.org\/{rel}","templated":true}]}}