
{"id":4110,"date":"2021-04-30T19:13:40","date_gmt":"2021-04-30T17:13:40","guid":{"rendered":"https:\/\/przedszkole18.edu.wroclaw.pl\/?p=4110"},"modified":"2021-04-30T19:14:38","modified_gmt":"2021-04-30T17:14:38","slug":"witaj-majowa-jutrzenko","status":"publish","type":"post","link":"https:\/\/przedszkole18.edu.wroclaw.pl\/index.php\/2021\/04\/30\/witaj-majowa-jutrzenko\/","title":{"rendered":"WITAJ, MAJOWA JUTRZENKO!"},"content":{"rendered":"<p><strong><span style=\"color: #000000;font-size: 14pt\"><span style=\"font-size: 18pt;color: #339966\">SZANOWNI PA\u0143STWO<\/span><br \/>\n<\/span><\/strong><\/p>\n<p><strong><span style=\"color: #000000;font-size: 14pt\">Ju\u017c w poniedzia\u0142ek obchodzimy <span style=\"color: #ff0000\">Narodowe \u015awi\u0119to Konstytucji Trzeciego Maja<\/span>. Jest to bardzo wa\u017cny dzie\u0144 dla ka\u017cdego Polaka. <\/span><\/strong><\/p>\n<p><strong><span style=\"color: #000000;font-size: 14pt\">Pami\u0119tamy r\u00f3wnie\u017c o <span style=\"color: #ff0000\">\u015awi\u0119cie Flagi<\/span>, kt\u00f3re przypada 2 maja.<\/span><\/strong><\/p>\n<p><strong><span style=\"color: #000000;font-size: 14pt\">W tym tygodniu, w przedszkolu, dominowa\u0142a tematyka patriotyczna we wszystkich grupach. Dzieci\u00a0 przypomnia\u0142y sobie \u00a0zagadnienia zwi\u0105zane z barwami i \u00a0symbolami narodowymi, kt\u00f3re sta\u0142y si\u0119 inspiracj\u0105 do dzia\u0142a\u0144 plastycznych (efekty mo\u017cecie Pa\u0144stwo zobaczy\u0107 poni\u017cej).<\/span><\/strong><\/p>\n<p><strong><span style=\"color: #000000;font-size: 14pt\">\u00a0Starsze przedszkolaki pozna\u0142y tak\u017ce rys historyczny dotycz\u0105cy uchwalenia konstytucji i utrwali\u0142y s\u0142owa Mazurka D\u0105browskiego.\u00a0<\/span><\/strong><\/p>\n<p><strong><span style=\"color: #000000;font-size: 14pt\">G\u0142\u00f3wnym celem podj\u0119tych przez nauczycieli dzia\u0142a\u0144\u00a0 by\u0142o wyrobienie w\u015br\u00f3d dzieci postaw szacunku do dziedzictwa kulturowego, historycznego i tradycji \u00a0a tak\u017ce poczucia przynale\u017cno\u015bci narodowej.<\/span><\/strong><\/p>\n<p><strong><span style=\"color: #000000;font-size: 14pt\">Zach\u0119camy do kontynuacji tematyki patriotycznej i celebrowania tych wa\u017cnych \u015bwi\u0105t w Pa\u0144stwa domach.<\/span><\/strong><\/p>\n<p><a href=\"https:\/\/przedszkole18.edu.wroclaw.pl\/wp-content\/uploads\/sites\/36\/2021\/04\/I.jpg\"><img loading=\"lazy\" decoding=\"async\" class=\"alignnone wp-image-4105 size-medium\" src=\"https:\/\/przedszkole18.edu.wroclaw.pl\/wp-content\/uploads\/sites\/36\/2021\/04\/I-300x225.jpg\" alt=\"\" width=\"300\" height=\"225\" \/>\u00a0 <\/a><a href=\"https:\/\/przedszkole18.edu.wroclaw.pl\/wp-content\/uploads\/sites\/36\/2021\/04\/II-1-scaled.jpg\"><img loading=\"lazy\" decoding=\"async\" class=\"alignnone size-medium wp-image-4106\" src=\"https:\/\/przedszkole18.edu.wroclaw.pl\/wp-content\/uploads\/sites\/36\/2021\/04\/II-1-225x300.jpg\" alt=\"\" width=\"225\" height=\"300\" \/><\/a><a href=\"https:\/\/przedszkole18.edu.wroclaw.pl\/wp-content\/uploads\/sites\/36\/2021\/04\/JOLA-1-scaled.jpg\"><img loading=\"lazy\" decoding=\"async\" class=\"alignnone size-medium wp-image-4107\" src=\"https:\/\/przedszkole18.edu.wroclaw.pl\/wp-content\/uploads\/sites\/36\/2021\/04\/JOLA-1-225x300.jpg\" alt=\"\" width=\"225\" height=\"300\" \/><\/a><a href=\"https:\/\/przedszkole18.edu.wroclaw.pl\/wp-content\/uploads\/sites\/36\/2021\/04\/IV-scaled.jpg\"><img loading=\"lazy\" decoding=\"async\" class=\"alignnone size-medium wp-image-4108\" src=\"https:\/\/przedszkole18.edu.wroclaw.pl\/wp-content\/uploads\/sites\/36\/2021\/04\/IV-300x225.jpg\" alt=\"\" width=\"300\" height=\"225\" \/><\/a><a href=\"https:\/\/przedszkole18.edu.wroclaw.pl\/wp-content\/uploads\/sites\/36\/2021\/04\/IVA-scaled.jpg\"><img loading=\"lazy\" decoding=\"async\" class=\"alignnone size-medium wp-image-4109\" src=\"https:\/\/przedszkole18.edu.wroclaw.pl\/wp-content\/uploads\/sites\/36\/2021\/04\/IVA-225x300.jpg\" alt=\"\" width=\"225\" height=\"300\" \/><\/a><\/p>\n<p>&nbsp;<\/p>\n<p>&nbsp;<\/p>\n<p>&nbsp;<\/p>\n","protected":false},"excerpt":{"rendered":"<p>SZANOWNI PA\u0143STWO Ju\u017c w poniedzia\u0142ek obchodzimy Narodowe \u015awi\u0119to Konstytucji Trzeciego Maja. Jest to bardzo wa\u017cny dzie\u0144 dla ka\u017cdego Polaka. Pami\u0119tamy r\u00f3wnie\u017c o \u015awi\u0119cie Flagi, kt\u00f3re przypada 2 maja. W tym [&hellip;]<\/p>\n","protected":false},"author":108,"featured_media":4103,"comment_status":"closed","ping_status":"closed","sticky":false,"template":"","format":"standard","meta":{"ngg_post_thumbnail":0,"footnotes":""},"categories":[3,1],"tags":[],"class_list":["post-4110","post","type-post","status-publish","format-standard","has-post-thumbnail","hentry","category-aktualnosci","category-bez-kategorii","clearfix"],"_links":{"self":[{"href":"https:\/\/przedszkole18.edu.wroclaw.pl\/index.php\/wp-json\/wp\/v2\/posts\/4110","targetHints":{"allow":["GET"]}}],"collection":[{"href":"https:\/\/przedszkole18.edu.wroclaw.pl\/index.php\/wp-json\/wp\/v2\/posts"}],"about":[{"href":"https:\/\/przedszkole18.edu.wroclaw.pl\/index.php\/wp-json\/wp\/v2\/types\/post"}],"author":[{"embeddable":true,"href":"https:\/\/przedszkole18.edu.wroclaw.pl\/index.php\/wp-json\/wp\/v2\/users\/108"}],"replies":[{"embeddable":true,"href":"https:\/\/przedszkole18.edu.wroclaw.pl\/index.php\/wp-json\/wp\/v2\/comments?post=4110"}],"version-history":[{"count":1,"href":"https:\/\/przedszkole18.edu.wroclaw.pl\/index.php\/wp-json\/wp\/v2\/posts\/4110\/revisions"}],"predecessor-version":[{"id":4111,"href":"https:\/\/przedszkole18.edu.wroclaw.pl\/index.php\/wp-json\/wp\/v2\/posts\/4110\/revisions\/4111"}],"wp:featuredmedia":[{"embeddable":true,"href":"https:\/\/przedszkole18.edu.wroclaw.pl\/index.php\/wp-json\/wp\/v2\/media\/4103"}],"wp:attachment":[{"href":"https:\/\/przedszkole18.edu.wroclaw.pl\/index.php\/wp-json\/wp\/v2\/media?parent=4110"}],"wp:term":[{"taxonomy":"category","embeddable":true,"href":"https:\/\/przedszkole18.edu.wroclaw.pl\/index.php\/wp-json\/wp\/v2\/categories?post=4110"},{"taxonomy":"post_tag","embeddable":true,"href":"https:\/\/przedszkole18.edu.wroclaw.pl\/index.php\/wp-json\/wp\/v2\/tags?post=4110"}],"curies":[{"name":"wp","href":"https:\/\/api.w.org\/{rel}","templated":true}]}}