
{"id":4166,"date":"2021-05-14T10:26:31","date_gmt":"2021-05-14T08:26:31","guid":{"rendered":"https:\/\/przedszkole18.edu.wroclaw.pl\/?p=4166"},"modified":"2021-05-14T10:34:36","modified_gmt":"2021-05-14T08:34:36","slug":"wazne-opieka-wakacyjna","status":"publish","type":"post","link":"https:\/\/przedszkole18.edu.wroclaw.pl\/index.php\/2021\/05\/14\/wazne-opieka-wakacyjna\/","title":{"rendered":"Wa\u017cne &#8211; opieka wakacyjna!"},"content":{"rendered":"<p><span style=\"font-size: 14pt;color: #800000\"><strong>Szanowni Pa\u0144stwo !\u00a0<\/strong><\/span><\/p>\n<p><span style=\"color: #ff6600\"><strong><em><span style=\"font-size: 14pt\">Zbli\u017caj\u0105cy si\u0119 czas wakacji i zapowiedziany wcze\u015bniej przez ZIM remont plac\u00f3wki, zmusza\u00a0 do pozyskania od Pa\u0144stwa informacji,\u00a0 dotycz\u0105cych pobytu dzieci w przedszkolu w miesi\u0105cu lipcu. Okre\u015blenie ilo\u015bci przebywaj\u0105cych w tym czasie dzieci, \u00a0 pozwoli na zapewnienie\u00a0 w\u0142a\u015bciwych i bezpiecznych warunk\u00f3w funkcjonowania w plac\u00f3wce .<\/span><\/em><\/strong>\u00a0<\/span><\/p>\n<p><em><strong><span style=\"font-size: 14pt;color: #008000\">Od 14 maja na werandzie przedszkolnej i stronie internetowej plac\u00f3wki\/<\/span><\/strong><span style=\"font-size: 14pt;color: #008000\"><span style=\"font-size: 12pt\"> pod zamieszczonym wpisem<\/span><\/span><strong><span style=\"font-size: 14pt;color: #008000\">\/,\u00a0 znajdziecie Pa\u0144stwo wniosek dotycz\u0105cy opieki wakacyjnej.\u00a0 <\/span><\/strong><\/em><\/p>\n<p><em><strong><span style=\"font-size: 14pt;color: #008000\"><span style=\"color: #666699\">Prosz\u0119\u00a0 wszystkich Pa\u0144stwa o pobranie dokumentu, wype\u0142nienie go i przes\u0142anie na adres e-mail:<\/span> <span style=\"color: #3366ff\">sekretariat.p018@wroclawskaedukacja.pl\u00a0<\/span> <span style=\"color: #666699\">lub\u00a0 z\u0142o\u017cenie\u00a0 do przygotowanego pojemnika,\u00a0 na werandzie przedszkolnej w <\/span><span style=\"color: #800000\"><span style=\"color: #666699\">dniach <\/span>od 17 do 30 maja.\u00a0<\/span><\/span><\/strong><\/em><\/p>\n<p><span style=\"color: #cc99ff\"><em><strong><span style=\"font-size: 14pt\"><span style=\"color: #339966\">Przypominam tak\u017ce, \u017ce przerwa wakacyjna w bie\u017c\u0105cym roku szkolnym,\u00a0 zaplanowana zosta\u0142a na<\/span> <span style=\"color: #ff9900\">sierpie\u0144<\/span><span style=\"color: #339966\">, zgodnie z Pa\u0144stwa g\u0142osowaniem.<\/span> <span style=\"color: #339966\">Szczeg\u00f3lnie trudne sytuacje- patrz wniosek.\u00a0 Pozdrawiam i \u017cycz\u0119 zdrowia.\u00a0 <\/span><\/span><\/strong><span style=\"font-size: 14pt\"><span style=\"font-size: 12pt\"><span style=\"color: #339966\">Dyrektor plac\u00f3wki Lidia Walczak -I\u017cycka. \u00a0<\/span> <\/span><\/span><\/em><\/span><\/p>\n<p><a href=\"https:\/\/przedszkole18.edu.wroclaw.pl\/wp-content\/uploads\/sites\/36\/2021\/05\/Wniosek-opieka-wakacyjna_2021.doc\">Wniosek &#8211; opieka wakacyjna_2021<\/a><\/p>\n<p>&nbsp;<\/p>\n","protected":false},"excerpt":{"rendered":"<p>Szanowni Pa\u0144stwo !\u00a0 Zbli\u017caj\u0105cy si\u0119 czas wakacji i zapowiedziany wcze\u015bniej przez ZIM remont plac\u00f3wki, zmusza\u00a0 do pozyskania od Pa\u0144stwa informacji,\u00a0 dotycz\u0105cych pobytu dzieci w przedszkolu w miesi\u0105cu lipcu. Okre\u015blenie ilo\u015bci [&hellip;]<\/p>\n","protected":false},"author":115,"featured_media":2003,"comment_status":"closed","ping_status":"closed","sticky":false,"template":"","format":"standard","meta":{"ngg_post_thumbnail":0,"footnotes":""},"categories":[3],"tags":[],"class_list":["post-4166","post","type-post","status-publish","format-standard","has-post-thumbnail","hentry","category-aktualnosci","clearfix"],"_links":{"self":[{"href":"https:\/\/przedszkole18.edu.wroclaw.pl\/index.php\/wp-json\/wp\/v2\/posts\/4166","targetHints":{"allow":["GET"]}}],"collection":[{"href":"https:\/\/przedszkole18.edu.wroclaw.pl\/index.php\/wp-json\/wp\/v2\/posts"}],"about":[{"href":"https:\/\/przedszkole18.edu.wroclaw.pl\/index.php\/wp-json\/wp\/v2\/types\/post"}],"author":[{"embeddable":true,"href":"https:\/\/przedszkole18.edu.wroclaw.pl\/index.php\/wp-json\/wp\/v2\/users\/115"}],"replies":[{"embeddable":true,"href":"https:\/\/przedszkole18.edu.wroclaw.pl\/index.php\/wp-json\/wp\/v2\/comments?post=4166"}],"version-history":[{"count":2,"href":"https:\/\/przedszkole18.edu.wroclaw.pl\/index.php\/wp-json\/wp\/v2\/posts\/4166\/revisions"}],"predecessor-version":[{"id":4168,"href":"https:\/\/przedszkole18.edu.wroclaw.pl\/index.php\/wp-json\/wp\/v2\/posts\/4166\/revisions\/4168"}],"wp:featuredmedia":[{"embeddable":true,"href":"https:\/\/przedszkole18.edu.wroclaw.pl\/index.php\/wp-json\/wp\/v2\/media\/2003"}],"wp:attachment":[{"href":"https:\/\/przedszkole18.edu.wroclaw.pl\/index.php\/wp-json\/wp\/v2\/media?parent=4166"}],"wp:term":[{"taxonomy":"category","embeddable":true,"href":"https:\/\/przedszkole18.edu.wroclaw.pl\/index.php\/wp-json\/wp\/v2\/categories?post=4166"},{"taxonomy":"post_tag","embeddable":true,"href":"https:\/\/przedszkole18.edu.wroclaw.pl\/index.php\/wp-json\/wp\/v2\/tags?post=4166"}],"curies":[{"name":"wp","href":"https:\/\/api.w.org\/{rel}","templated":true}]}}