
{"id":4170,"date":"2021-05-14T13:43:01","date_gmt":"2021-05-14T11:43:01","guid":{"rendered":"https:\/\/przedszkole18.edu.wroclaw.pl\/?p=4170"},"modified":"2021-05-14T13:43:01","modified_gmt":"2021-05-14T11:43:01","slug":"rekrutacja-do-szkol-podstawowych-2","status":"publish","type":"post","link":"https:\/\/przedszkole18.edu.wroclaw.pl\/index.php\/2021\/05\/14\/rekrutacja-do-szkol-podstawowych-2\/","title":{"rendered":"Rekrutacja do Szk\u00f3\u0142 Podstawowych!"},"content":{"rendered":"<p><span style=\"color: #ff0000;font-size: 14pt\"><em><strong>Szanowni Pa\u0144stwo!<\/strong> <\/em><\/span><\/p>\n<p><strong><em><span style=\"font-size: 14pt;color: #008000\">Zgodnie z harmonogramem od 14 do 20 maja trwa rekrutacja do Szk\u00f3\u0142 Podstawowych,\u00a0 z informacji przes\u0142anych\u00a0 do dyrektor\u00f3w plac\u00f3wek przedszkolny w dniu 22 marca 2021 roku, jasno wynika, \u017ce w tym roku szkolnym nie wydajemy hase\u0142 do rekrutacji . Rodzic rejestruje wniosek za pomoc\u0105 nr PESEL oraz imienia i nazwiska kandydata. <\/span><\/em><\/strong><\/p>\n<p><span style=\"color: #008080\"><strong><em><span style=\"font-size: 14pt\">Aby zweryfikowa\u0107 w\u0142asn\u0105 wiedz\u0119, obejrza\u0142am film dotycz\u0105cy rekrutacji do klas I i tam tak\u017ce potwierdza si\u0119 informacja, \u017ce rejestrujemy wniosek jak wy\u017cej. W przypadku wyst\u0119powania b\u0142\u0119du nale\u017cy dzwoni\u0107 do plac\u00f3wki I wyboru lub do os\u00f3b odpowiedzialnych za rekrutacj\u0119 do Szk\u00f3\u0142 Podstawowych z ramienia Urz\u0119du Miasta.\u00a0<\/span><\/em><\/strong><\/span><\/p>\n<p><strong><em><span style=\"font-size: 14pt;color: #008000\"><span style=\"color: #ff6600\">Z do\u015bwiadczenia wiem, \u017ce w pocz\u0105tkowej fazie rekrutacji na wszystkich poziomach edukacji wyst\u0119puj\u0105 problemy z uwagi na ograniczenia, b\u0105d\u017a b\u0142\u0119dy dzia\u0142ania systemu. Na ten moment nie mog\u0119 skontaktowa\u0107 si\u0119 z Urz\u0119dem Miasta w celu podania Pa\u0144stwu innych informacji. Nadmieniam tak\u017ce, \u017ce kontaktowa\u0142am si\u0119 z innymi przedszkolami i nikt w tym roku nie wydawa\u0142 hase\u0142 do rekrutacji dzieciom przyst\u0119puj\u0105cym do klas I od wrze\u015bnia 2021r.<\/span> <\/span><\/em><\/strong><\/p>\n<p><strong><em><span style=\"font-size: 14pt;color: #008000\">Moja rada na ten moment:\u00a0 prosz\u0119 pobra\u0107 druki do rekrutacji,\u00a0 wype\u0142ni\u0107 je r\u0119cznie i zanie\u015b\u0107 do plac\u00f3wki I wyboru wraz z wymaganymi za\u0142\u0105cznikami , prosz\u0119 tak\u017ce pami\u0119ta\u0107, \u017ce w\u015br\u00f3d wybranych szk\u00f3\u0142 nale\u017cy uj\u0105\u0107 szko\u0142\u0119 obwodow\u0105,\u00a0 bo to gwarancja przyj\u0119cia, czego nie macie Pa\u0144stwo w innych\u00a0 szko\u0142ach.\u00a0 <\/span><\/em><\/strong><em><span style=\"font-size: 14pt;color: #008000\"><span style=\"font-size: 12pt;color: #003300\">Pozdrawiam Lidia Walczak-I\u017cycka<\/span><\/span><\/em><\/p>\n<p><a href=\"https:\/\/przedszkole18.edu.wroclaw.pl\/wp-content\/uploads\/sites\/36\/2021\/05\/Rekrutacja-do-szkol-podstawowych-.doc\">Rekrutacja do szk\u00f3\u0142 podstawowych<\/a><\/p>\n","protected":false},"excerpt":{"rendered":"<p>Szanowni Pa\u0144stwo! Zgodnie z harmonogramem od 14 do 20 maja trwa rekrutacja do Szk\u00f3\u0142 Podstawowych,\u00a0 z informacji przes\u0142anych\u00a0 do dyrektor\u00f3w plac\u00f3wek przedszkolny w dniu 22 marca 2021 roku, jasno wynika, [&hellip;]<\/p>\n","protected":false},"author":115,"featured_media":478,"comment_status":"closed","ping_status":"closed","sticky":false,"template":"","format":"standard","meta":{"ngg_post_thumbnail":0,"footnotes":""},"categories":[3],"tags":[],"class_list":["post-4170","post","type-post","status-publish","format-standard","has-post-thumbnail","hentry","category-aktualnosci","clearfix"],"_links":{"self":[{"href":"https:\/\/przedszkole18.edu.wroclaw.pl\/index.php\/wp-json\/wp\/v2\/posts\/4170","targetHints":{"allow":["GET"]}}],"collection":[{"href":"https:\/\/przedszkole18.edu.wroclaw.pl\/index.php\/wp-json\/wp\/v2\/posts"}],"about":[{"href":"https:\/\/przedszkole18.edu.wroclaw.pl\/index.php\/wp-json\/wp\/v2\/types\/post"}],"author":[{"embeddable":true,"href":"https:\/\/przedszkole18.edu.wroclaw.pl\/index.php\/wp-json\/wp\/v2\/users\/115"}],"replies":[{"embeddable":true,"href":"https:\/\/przedszkole18.edu.wroclaw.pl\/index.php\/wp-json\/wp\/v2\/comments?post=4170"}],"version-history":[{"count":1,"href":"https:\/\/przedszkole18.edu.wroclaw.pl\/index.php\/wp-json\/wp\/v2\/posts\/4170\/revisions"}],"predecessor-version":[{"id":4171,"href":"https:\/\/przedszkole18.edu.wroclaw.pl\/index.php\/wp-json\/wp\/v2\/posts\/4170\/revisions\/4171"}],"wp:featuredmedia":[{"embeddable":true,"href":"https:\/\/przedszkole18.edu.wroclaw.pl\/index.php\/wp-json\/wp\/v2\/media\/478"}],"wp:attachment":[{"href":"https:\/\/przedszkole18.edu.wroclaw.pl\/index.php\/wp-json\/wp\/v2\/media?parent=4170"}],"wp:term":[{"taxonomy":"category","embeddable":true,"href":"https:\/\/przedszkole18.edu.wroclaw.pl\/index.php\/wp-json\/wp\/v2\/categories?post=4170"},{"taxonomy":"post_tag","embeddable":true,"href":"https:\/\/przedszkole18.edu.wroclaw.pl\/index.php\/wp-json\/wp\/v2\/tags?post=4170"}],"curies":[{"name":"wp","href":"https:\/\/api.w.org\/{rel}","templated":true}]}}