
{"id":4230,"date":"2021-05-14T23:23:02","date_gmt":"2021-05-14T21:23:02","guid":{"rendered":"https:\/\/przedszkole18.edu.wroclaw.pl\/?p=4230"},"modified":"2021-05-16T23:53:39","modified_gmt":"2021-05-16T21:53:39","slug":"xxi-przedszkolny-festiwal-piosenki-i-wiersza","status":"publish","type":"post","link":"https:\/\/przedszkole18.edu.wroclaw.pl\/index.php\/2021\/05\/14\/xxi-przedszkolny-festiwal-piosenki-i-wiersza\/","title":{"rendered":"XXI Przedszkolny Festiwal Piosenki i Wiersza"},"content":{"rendered":"<p>Szanowni Pa\u0144stwo,<\/p>\n<p>12 maja w naszym przedszkolu odby\u0142a si\u0119 ju\u017c XXI edycja Przedszkolnego Festiwalu Piosenki i Wiersza. Tematem przewodnim tegorocznych prezentacji by\u0142y &#8222;Wiosenne inspiracje&#8221;. Na t\u0119 okazj\u0119 wszystkie grupy przygotowa\u0142y kr\u00f3tki wyst\u0119p na kt\u00f3ry z\u0142o\u017cy\u0142y si\u0119 wiersz i piosenka inspirowane aktualn\u0105 por\u0105 roku.<\/p>\n<p>Zapraszamy do obejrzenia fotorelacji z festiwalu, kt\u00f3r\u0105 znajdziecie Pa\u0144stwo w zak\u0142adce XXI Przedszkolny Festiwal Piosenki i Wiersza na stronie &#8222;Dzia\u0142ania muzyczne&#8221;.<\/p>\n<p>link do fotorelacji: <a href=\"https:\/\/przedszkole18.edu.wroclaw.pl\/index.php\/dzialania-muzyczne\/#1621026107661-3b188427-d86c\">https:\/\/przedszkole18.edu.wroclaw.pl\/index.php\/dzialania-muzyczne\/#1621026107661-3b188427-d86c<\/a><\/p>\n<p>&nbsp;<\/p>\n","protected":false},"excerpt":{"rendered":"<p>Szanowni Pa\u0144stwo, 12 maja w naszym przedszkolu odby\u0142a si\u0119 ju\u017c XXI edycja Przedszkolnego Festiwalu Piosenki i Wiersza. Tematem przewodnim tegorocznych prezentacji by\u0142y &#8222;Wiosenne inspiracje&#8221;. Na t\u0119 okazj\u0119 wszystkie grupy przygotowa\u0142y [&hellip;]<\/p>\n","protected":false},"author":105,"featured_media":0,"comment_status":"closed","ping_status":"closed","sticky":false,"template":"","format":"standard","meta":{"ngg_post_thumbnail":0,"footnotes":""},"categories":[3],"tags":[],"class_list":["post-4230","post","type-post","status-publish","format-standard","hentry","category-aktualnosci","clearfix"],"_links":{"self":[{"href":"https:\/\/przedszkole18.edu.wroclaw.pl\/index.php\/wp-json\/wp\/v2\/posts\/4230","targetHints":{"allow":["GET"]}}],"collection":[{"href":"https:\/\/przedszkole18.edu.wroclaw.pl\/index.php\/wp-json\/wp\/v2\/posts"}],"about":[{"href":"https:\/\/przedszkole18.edu.wroclaw.pl\/index.php\/wp-json\/wp\/v2\/types\/post"}],"author":[{"embeddable":true,"href":"https:\/\/przedszkole18.edu.wroclaw.pl\/index.php\/wp-json\/wp\/v2\/users\/105"}],"replies":[{"embeddable":true,"href":"https:\/\/przedszkole18.edu.wroclaw.pl\/index.php\/wp-json\/wp\/v2\/comments?post=4230"}],"version-history":[{"count":2,"href":"https:\/\/przedszkole18.edu.wroclaw.pl\/index.php\/wp-json\/wp\/v2\/posts\/4230\/revisions"}],"predecessor-version":[{"id":4252,"href":"https:\/\/przedszkole18.edu.wroclaw.pl\/index.php\/wp-json\/wp\/v2\/posts\/4230\/revisions\/4252"}],"wp:attachment":[{"href":"https:\/\/przedszkole18.edu.wroclaw.pl\/index.php\/wp-json\/wp\/v2\/media?parent=4230"}],"wp:term":[{"taxonomy":"category","embeddable":true,"href":"https:\/\/przedszkole18.edu.wroclaw.pl\/index.php\/wp-json\/wp\/v2\/categories?post=4230"},{"taxonomy":"post_tag","embeddable":true,"href":"https:\/\/przedszkole18.edu.wroclaw.pl\/index.php\/wp-json\/wp\/v2\/tags?post=4230"}],"curies":[{"name":"wp","href":"https:\/\/api.w.org\/{rel}","templated":true}]}}