
{"id":4257,"date":"2021-05-20T15:07:51","date_gmt":"2021-05-20T13:07:51","guid":{"rendered":"https:\/\/przedszkole18.edu.wroclaw.pl\/?p=4257"},"modified":"2021-05-20T15:07:51","modified_gmt":"2021-05-20T13:07:51","slug":"bajkobus-w-ogrodzie","status":"publish","type":"post","link":"https:\/\/przedszkole18.edu.wroclaw.pl\/index.php\/2021\/05\/20\/bajkobus-w-ogrodzie\/","title":{"rendered":"Bajkobus w ogrodzie!"},"content":{"rendered":"<p><span style=\"color: #000080\"><em><strong><span style=\"font-size: 18pt\">Szanowni Pa\u0144stwo, kochane dzieci\u00a0 26 maja\/ \u015broda\/ w ogrodzie przedszkolnym ponownie\u00a0 go\u015bci\u0107 b\u0119dziemy,\u00a0 Bajeczny Bajkobus z przedstawieniem &#8222;Z\u0142ota Kaczka&#8221;<\/span><\/strong><\/em><\/span><\/p>\n<p><span style=\"color: #000080\"><em><strong><span style=\"font-size: 18pt\"> Spotkanie rozpoczynamy 9.30\u00a0 zapraszamy serdecznie i liczymy na wspania\u0142\u0105 pogod\u0119.\u00a0 Do zobaczenia. \u00a0<\/span> <\/strong><\/em><\/span><\/p>\n","protected":false},"excerpt":{"rendered":"<p>Szanowni Pa\u0144stwo, kochane dzieci\u00a0 26 maja\/ \u015broda\/ w ogrodzie przedszkolnym ponownie\u00a0 go\u015bci\u0107 b\u0119dziemy,\u00a0 Bajeczny Bajkobus z przedstawieniem &#8222;Z\u0142ota Kaczka&#8221; Spotkanie rozpoczynamy 9.30\u00a0 zapraszamy serdecznie i liczymy na wspania\u0142\u0105 pogod\u0119.\u00a0 Do [&hellip;]<\/p>\n","protected":false},"author":115,"featured_media":0,"comment_status":"closed","ping_status":"closed","sticky":false,"template":"","format":"standard","meta":{"ngg_post_thumbnail":0,"footnotes":""},"categories":[3],"tags":[],"class_list":["post-4257","post","type-post","status-publish","format-standard","hentry","category-aktualnosci","clearfix"],"_links":{"self":[{"href":"https:\/\/przedszkole18.edu.wroclaw.pl\/index.php\/wp-json\/wp\/v2\/posts\/4257","targetHints":{"allow":["GET"]}}],"collection":[{"href":"https:\/\/przedszkole18.edu.wroclaw.pl\/index.php\/wp-json\/wp\/v2\/posts"}],"about":[{"href":"https:\/\/przedszkole18.edu.wroclaw.pl\/index.php\/wp-json\/wp\/v2\/types\/post"}],"author":[{"embeddable":true,"href":"https:\/\/przedszkole18.edu.wroclaw.pl\/index.php\/wp-json\/wp\/v2\/users\/115"}],"replies":[{"embeddable":true,"href":"https:\/\/przedszkole18.edu.wroclaw.pl\/index.php\/wp-json\/wp\/v2\/comments?post=4257"}],"version-history":[{"count":1,"href":"https:\/\/przedszkole18.edu.wroclaw.pl\/index.php\/wp-json\/wp\/v2\/posts\/4257\/revisions"}],"predecessor-version":[{"id":4258,"href":"https:\/\/przedszkole18.edu.wroclaw.pl\/index.php\/wp-json\/wp\/v2\/posts\/4257\/revisions\/4258"}],"wp:attachment":[{"href":"https:\/\/przedszkole18.edu.wroclaw.pl\/index.php\/wp-json\/wp\/v2\/media?parent=4257"}],"wp:term":[{"taxonomy":"category","embeddable":true,"href":"https:\/\/przedszkole18.edu.wroclaw.pl\/index.php\/wp-json\/wp\/v2\/categories?post=4257"},{"taxonomy":"post_tag","embeddable":true,"href":"https:\/\/przedszkole18.edu.wroclaw.pl\/index.php\/wp-json\/wp\/v2\/tags?post=4257"}],"curies":[{"name":"wp","href":"https:\/\/api.w.org\/{rel}","templated":true}]}}