
{"id":4259,"date":"2021-05-20T15:52:07","date_gmt":"2021-05-20T13:52:07","guid":{"rendered":"https:\/\/przedszkole18.edu.wroclaw.pl\/?p=4259"},"modified":"2021-05-20T15:53:41","modified_gmt":"2021-05-20T13:53:41","slug":"wazne-6","status":"publish","type":"post","link":"https:\/\/przedszkole18.edu.wroclaw.pl\/index.php\/2021\/05\/20\/wazne-6\/","title":{"rendered":"Wa\u017cne !"},"content":{"rendered":"<p><span style=\"font-size: 14pt;color: #ff0000\"><em><strong>Kilka wa\u017cnych informacji:<\/strong><\/em><\/span><span style=\"color: #800080\">\u00a0 <\/span><\/p>\n<p><span style=\"color: #800080\"><em><strong><span style=\"font-size: 14pt\">Ju\u017c od pi<\/span><\/strong><\/em><\/span><span style=\"font-size: 14pt\"><strong><span style=\"color: #800080\"><em><strong><span style=\"font-size: 14pt\">\u0105tku n<\/span><\/strong><\/em>auczyciele grup starszych,\u00a0 wychodz\u0105 z dzie\u0107mi na wystaw\u0119 dinozaur\u00f3w do Ogrodu Botanicznego i tak:<\/span><\/strong><\/span><\/p>\n<p><span style=\"font-size: 14pt\"><strong><span style=\"color: #800080\">Grupa III a planowane wyj\u015bcie \u00a0 21.05\/pi\u0105tek\/godz. 9.30 <\/span><\/strong><\/span><\/p>\n<p><span style=\"font-size: 14pt\"><strong><span style=\"color: #800080\">Grupa III planowane wyj\u015bcie 25.05\/ wtorek\/ godz. 9.30 <\/span><\/strong><\/span><\/p>\n<p><span style=\"font-size: 14pt\"><strong><span style=\"color: #800080\">Grupy IV a, IV planowane wyj\u015bcie 27.05\/czwartek\/ godz.\u00a0 9.30\u00a0 <\/span><\/strong><\/span><\/p>\n<p><span style=\"font-size: 14pt\"><strong><span style=\"color: #800080\">Bardzo prosimy wszystkich rodzic\u00f3w o zapewnienie dzieciom,\u00a0 wygodnego obuwia i w\u0142a\u015bciwego dostosowanego do pogody ubrania. Dzieci drog\u0119 do ogrodu pokonuj\u0105 pieszo.<\/span><\/strong><\/span><\/p>\n<p><em><strong><span style=\"color: #993300;font-size: 14pt\">\u00a0 Cieszy nas fakt , \u017ce dzieci korzystaj\u0105 wraz z Pa\u0144stwem z pe\u0142nej frajdy jazdy do plac\u00f3wki rowerem! Smuci natomiast to, \u017ce\u00a0 rowery traktowane s\u0105 jak z cukru i przypinacie je Pa\u0144stwo do krat , a nie do stojak\u00f3w, kt\u00f3re do tego s\u0142u\u017c\u0105. Prosz\u0119 zatem przypina\u0107 rowery we w\u0142a\u015bciwym\u00a0 miejscu.\u00a0 Brak zapi\u0119cia nara\u017ca Pa\u0144stwa,\u00a0 na utrat\u0119 pojazdu,\u00a0 za co nie ponosi odpowiedzialno\u015bci plac\u00f3wka.\u00a0<\/span><\/strong><\/em><\/p>\n<p><em><strong><span style=\"color: #339966;font-size: 14pt\"> W dniach 24-28. 05. \u00a0 dyrektor plac\u00f3wki\u00a0 przebywa na urlopie wypoczynkowym,\u00a0 osob\u0105 pe\u0142ni\u0105c\u0105 obowi\u0105zki jest Pani Jolanta Gruchaj nauczyciel grupy III a.\u00a0 W sprawach pilnych prosz\u0119 o kontakt z wyznaczona osob\u0105 .<\/span><\/strong><\/em><\/p>\n<p><span style=\"font-size: 12pt\"><em><span style=\"color: #339966\"> Pozdrawiam serdecznie i \u017cycz\u0119 du\u017co zdrowia. Lidia Walczak-I\u017cycka dyrektor plac\u00f3wki.<\/span><\/em><\/span><\/p>\n<p>&nbsp;<\/p>\n","protected":false},"excerpt":{"rendered":"<p>Kilka wa\u017cnych informacji:\u00a0 Ju\u017c od pi\u0105tku nauczyciele grup starszych,\u00a0 wychodz\u0105 z dzie\u0107mi na wystaw\u0119 dinozaur\u00f3w do Ogrodu Botanicznego i tak: Grupa III a planowane wyj\u015bcie \u00a0 21.05\/pi\u0105tek\/godz. 9.30 Grupa III [&hellip;]<\/p>\n","protected":false},"author":115,"featured_media":629,"comment_status":"closed","ping_status":"closed","sticky":false,"template":"","format":"standard","meta":{"ngg_post_thumbnail":0,"footnotes":""},"categories":[3],"tags":[],"class_list":["post-4259","post","type-post","status-publish","format-standard","has-post-thumbnail","hentry","category-aktualnosci","clearfix"],"_links":{"self":[{"href":"https:\/\/przedszkole18.edu.wroclaw.pl\/index.php\/wp-json\/wp\/v2\/posts\/4259","targetHints":{"allow":["GET"]}}],"collection":[{"href":"https:\/\/przedszkole18.edu.wroclaw.pl\/index.php\/wp-json\/wp\/v2\/posts"}],"about":[{"href":"https:\/\/przedszkole18.edu.wroclaw.pl\/index.php\/wp-json\/wp\/v2\/types\/post"}],"author":[{"embeddable":true,"href":"https:\/\/przedszkole18.edu.wroclaw.pl\/index.php\/wp-json\/wp\/v2\/users\/115"}],"replies":[{"embeddable":true,"href":"https:\/\/przedszkole18.edu.wroclaw.pl\/index.php\/wp-json\/wp\/v2\/comments?post=4259"}],"version-history":[{"count":2,"href":"https:\/\/przedszkole18.edu.wroclaw.pl\/index.php\/wp-json\/wp\/v2\/posts\/4259\/revisions"}],"predecessor-version":[{"id":4261,"href":"https:\/\/przedszkole18.edu.wroclaw.pl\/index.php\/wp-json\/wp\/v2\/posts\/4259\/revisions\/4261"}],"wp:featuredmedia":[{"embeddable":true,"href":"https:\/\/przedszkole18.edu.wroclaw.pl\/index.php\/wp-json\/wp\/v2\/media\/629"}],"wp:attachment":[{"href":"https:\/\/przedszkole18.edu.wroclaw.pl\/index.php\/wp-json\/wp\/v2\/media?parent=4259"}],"wp:term":[{"taxonomy":"category","embeddable":true,"href":"https:\/\/przedszkole18.edu.wroclaw.pl\/index.php\/wp-json\/wp\/v2\/categories?post=4259"},{"taxonomy":"post_tag","embeddable":true,"href":"https:\/\/przedszkole18.edu.wroclaw.pl\/index.php\/wp-json\/wp\/v2\/tags?post=4259"}],"curies":[{"name":"wp","href":"https:\/\/api.w.org\/{rel}","templated":true}]}}