
{"id":4284,"date":"2021-05-28T05:21:35","date_gmt":"2021-05-28T03:21:35","guid":{"rendered":"https:\/\/przedszkole18.edu.wroclaw.pl\/?p=4284"},"modified":"2021-05-28T05:26:13","modified_gmt":"2021-05-28T03:26:13","slug":"4284","status":"publish","type":"post","link":"https:\/\/przedszkole18.edu.wroclaw.pl\/index.php\/2021\/05\/28\/4284\/","title":{"rendered":"Dzie\u0144 Dziecka"},"content":{"rendered":"<p><strong><span style=\"font-size: 24pt;color: #0000ff\">Szanowni Pa\u0144stwo<\/span><\/strong><\/p>\n<p><strong><span style=\"color: #008000;font-size: 18pt\">We wtorek 1. 06 obchodzimy Dzie\u0144 Dziecka. <\/span><\/strong><\/p>\n<p><strong><span style=\"color: #008000;font-size: 18pt\">Dzieci w tym dniu, w miar\u0119 mo\u017cliwo\u015bci,\u00a0 akcentuj\u0105 strojem nast\u0119puj\u0105ce kolory\u00a0 :<\/span><\/strong><\/p>\n<p><span style=\"color: #ff0000\"><strong><span style=\"font-size: 18pt\">Grupa I &#8211; pomara\u0144czowy<\/span><\/strong><\/span><\/p>\n<p><span style=\"color: #ff0000\"><strong><span style=\"font-size: 18pt\">Grupa II &#8211; bia\u0142e koszulki, spodnie, sp\u00f3dniczki, leginsy &#8211; kolor dowolny<\/span><\/strong><\/span><\/p>\n<p><span style=\"color: #ff0000\"><strong><span style=\"font-size: 18pt\">Grupa III &#8211;\u00a0 czerwony<\/span><\/strong><\/span><\/p>\n<p><span style=\"color: #ff0000\"><strong><span style=\"font-size: 18pt\">Grupa III a &#8211; \u017c\u00f3\u0142ty<\/span><\/strong><\/span><\/p>\n<p><span style=\"color: #ff0000\"><strong><span style=\"font-size: 18pt\">Grupa IV &#8211; niebieski<\/span><\/strong><\/span><\/p>\n<p><span style=\"color: #ff0000\"><strong><span style=\"font-size: 18pt\">Grupa IV a &#8211; zielony<\/span><\/strong><\/span><\/p>\n<p><strong><span style=\"color: #008000;font-size: 18pt\">Zach\u0119camy Pa\u0144stwa do wykonania wraz z dzieckiem wiatraczka z kartonu (du\u017cy rozmiar), kt\u00f3ry wykorzystamy do ozdobienia ogrodu .<\/span><\/strong><\/p>\n<p><strong><span style=\"color: #008000;font-size: 18pt\">Na wiatraczki czekamy w poniedzia\u0142ek.<br \/>\n<\/span><\/strong><\/p>\n<p><a href=\"https:\/\/przedszkole18.edu.wroclaw.pl\/wp-content\/uploads\/sites\/36\/2021\/05\/wiatraczek.jpg\"><img loading=\"lazy\" decoding=\"async\" class=\"wp-image-4286 size-large aligncenter\" src=\"https:\/\/przedszkole18.edu.wroclaw.pl\/wp-content\/uploads\/sites\/36\/2021\/05\/wiatraczek-1024x576.jpg\" alt=\"\" width=\"625\" height=\"352\" \/><\/a><\/p>\n<p>&nbsp;<\/p>\n","protected":false},"excerpt":{"rendered":"<p>Szanowni Pa\u0144stwo We wtorek 1. 06 obchodzimy Dzie\u0144 Dziecka. Dzieci w tym dniu, w miar\u0119 mo\u017cliwo\u015bci,\u00a0 akcentuj\u0105 strojem nast\u0119puj\u0105ce kolory\u00a0 : Grupa I &#8211; pomara\u0144czowy Grupa II &#8211; bia\u0142e koszulki, [&hellip;]<\/p>\n","protected":false},"author":108,"featured_media":2007,"comment_status":"closed","ping_status":"closed","sticky":false,"template":"","format":"standard","meta":{"ngg_post_thumbnail":0,"footnotes":""},"categories":[3],"tags":[],"class_list":["post-4284","post","type-post","status-publish","format-standard","has-post-thumbnail","hentry","category-aktualnosci","clearfix"],"_links":{"self":[{"href":"https:\/\/przedszkole18.edu.wroclaw.pl\/index.php\/wp-json\/wp\/v2\/posts\/4284","targetHints":{"allow":["GET"]}}],"collection":[{"href":"https:\/\/przedszkole18.edu.wroclaw.pl\/index.php\/wp-json\/wp\/v2\/posts"}],"about":[{"href":"https:\/\/przedszkole18.edu.wroclaw.pl\/index.php\/wp-json\/wp\/v2\/types\/post"}],"author":[{"embeddable":true,"href":"https:\/\/przedszkole18.edu.wroclaw.pl\/index.php\/wp-json\/wp\/v2\/users\/108"}],"replies":[{"embeddable":true,"href":"https:\/\/przedszkole18.edu.wroclaw.pl\/index.php\/wp-json\/wp\/v2\/comments?post=4284"}],"version-history":[{"count":2,"href":"https:\/\/przedszkole18.edu.wroclaw.pl\/index.php\/wp-json\/wp\/v2\/posts\/4284\/revisions"}],"predecessor-version":[{"id":4287,"href":"https:\/\/przedszkole18.edu.wroclaw.pl\/index.php\/wp-json\/wp\/v2\/posts\/4284\/revisions\/4287"}],"wp:featuredmedia":[{"embeddable":true,"href":"https:\/\/przedszkole18.edu.wroclaw.pl\/index.php\/wp-json\/wp\/v2\/media\/2007"}],"wp:attachment":[{"href":"https:\/\/przedszkole18.edu.wroclaw.pl\/index.php\/wp-json\/wp\/v2\/media?parent=4284"}],"wp:term":[{"taxonomy":"category","embeddable":true,"href":"https:\/\/przedszkole18.edu.wroclaw.pl\/index.php\/wp-json\/wp\/v2\/categories?post=4284"},{"taxonomy":"post_tag","embeddable":true,"href":"https:\/\/przedszkole18.edu.wroclaw.pl\/index.php\/wp-json\/wp\/v2\/tags?post=4284"}],"curies":[{"name":"wp","href":"https:\/\/api.w.org\/{rel}","templated":true}]}}