
{"id":4297,"date":"2021-05-29T19:58:29","date_gmt":"2021-05-29T17:58:29","guid":{"rendered":"https:\/\/przedszkole18.edu.wroclaw.pl\/?p=4297"},"modified":"2021-05-31T13:41:31","modified_gmt":"2021-05-31T11:41:31","slug":"iii-ogolnopolski-przeglad-bajki-logopedycznej","status":"publish","type":"post","link":"https:\/\/przedszkole18.edu.wroclaw.pl\/index.php\/2021\/05\/29\/iii-ogolnopolski-przeglad-bajki-logopedycznej\/","title":{"rendered":"III Og\u00f3lnopolski Przegl\u0105d Bajki Logopedycznej"},"content":{"rendered":"<p><span style=\"color: #000000\"><em><span style=\"font-family: 'comic sans ms', sans-serif\">Szanowni Rodzice. Z ogromn\u0105 przyjemno\u015bci\u0105 chcia\u0142am poinformowa\u0107, \u017ce nasze przedszkole, ju\u017c po raz kolejny, uczestniczy\u0142o w Og\u00f3lnopolskim Przegl\u0105dzie Bajki Logopedycznej, organizowanym w ramach Miejskiego Programu Profilaktyki Logopedycznej. Na konkurs zosta\u0142y wys\u0142ane bajki, autorstwa naszych Nauczycieli i\u00a0 logopedy oraz prace plastyczne, powsta\u0142e do tekst\u00f3w bajek, autorstwa dzieci z\u00a0 poszczeg\u00f3lnych grup.<\/span><\/em><\/span><\/p>\n<p><span style=\"color: #000000\"><em><span style=\"font-family: 'comic sans ms', sans-serif\">W konkursie uczestniczyli:<\/span><\/em><\/span><\/p>\n<p><span style=\"color: #000000\"><em><span style=\"font-family: 'comic sans ms', sans-serif\">gr I Julia, Amelka, Krzy\u015b, tworz\u0105 prace do bajki autorstwa\u00a0 Pani Zdzis\u0142awy Wojtczak &#8221; Lala i jej zwierz\u0119ta&#8221;,.<\/span><\/em><\/span><\/p>\n<p><span style=\"color: #000000\"><em><span style=\"font-family: 'comic sans ms', sans-serif\">gr III Hania, Alicja, Dawid, tworz\u0105c prac\u0119 do bajki autorstwa Pa\u0144 Ewy Wro\u0144skiej i Aleksandry Jurasik &#8221; W zaczarowanym ogrodzie&#8221;,<\/span><\/em><\/span><\/p>\n<p><span style=\"color: #000000\"><em><span style=\"font-family: 'comic sans ms', sans-serif\">gr IIIa Zosia, tworz\u0105c prac\u0119 do tekstu Pani Jolanty Gruchaj &#8222;Wycieczka za miasto&#8221; i Wiktoria, ilustruj\u0105c bajk\u0119 Ma\u0142gorzaty Michalskaiej &#8222;Smok Salomon&#8221;<\/span><\/em><\/span><\/p>\n<p><span style=\"color: #000000\"><em><span style=\"font-family: 'comic sans ms', sans-serif\">\u00a0gr.IVa\u00a0 Arinka, Iga i Adam ilustrowali bajk\u0119 autorstwa Pani Katarzyny M\u0105czki &#8222;O wroc\u0142awskim krasnoludku&#8221;\u00a0<\/span><\/em><\/span><\/p>\n<p><span style=\"color: #000000\"><em><span style=\"font-family: 'comic sans ms', sans-serif\">Wszystkim dzieciom serdecznie dzi\u0119kuj\u0119 za wykonanie pi\u0119knych prac plastycznych, a Paniom nauczycielkom, za zaanga\u017cowanie w tworzenie fantastycznych tekst\u00f3w. . B\u0119dzie je mo\u017cna podziwia\u0107 na wystawie w <span style=\"color: #800000\">Dolno\u015bl\u0105skiej Bibliotece Publicznej, ul. Rynek 58 we Wroc\u0142awiu, w dniach 31.05. 2021 &#8211; 20.06.2021.<\/span><\/span><\/em><\/span><\/p>\n<p><span style=\"color: #000000\"><em><span style=\"font-family: 'comic sans ms', sans-serif\">Serdecznie zapraszam<\/span><\/em><\/span><\/p>\n<p><span style=\"color: #800000\"><strong><em>Ma\u0142gorzata Michalska logopeda<\/em><\/strong><\/span><\/p>\n","protected":false},"excerpt":{"rendered":"<p>Szanowni Rodzice. Z ogromn\u0105 przyjemno\u015bci\u0105 chcia\u0142am poinformowa\u0107, \u017ce nasze przedszkole, ju\u017c po raz kolejny, uczestniczy\u0142o w Og\u00f3lnopolskim Przegl\u0105dzie Bajki Logopedycznej, organizowanym w ramach Miejskiego Programu Profilaktyki Logopedycznej. Na konkurs zosta\u0142y [&hellip;]<\/p>\n","protected":false},"author":119,"featured_media":2055,"comment_status":"closed","ping_status":"closed","sticky":false,"template":"","format":"standard","meta":{"ngg_post_thumbnail":0,"footnotes":""},"categories":[3],"tags":[],"class_list":["post-4297","post","type-post","status-publish","format-standard","has-post-thumbnail","hentry","category-aktualnosci","clearfix"],"_links":{"self":[{"href":"https:\/\/przedszkole18.edu.wroclaw.pl\/index.php\/wp-json\/wp\/v2\/posts\/4297","targetHints":{"allow":["GET"]}}],"collection":[{"href":"https:\/\/przedszkole18.edu.wroclaw.pl\/index.php\/wp-json\/wp\/v2\/posts"}],"about":[{"href":"https:\/\/przedszkole18.edu.wroclaw.pl\/index.php\/wp-json\/wp\/v2\/types\/post"}],"author":[{"embeddable":true,"href":"https:\/\/przedszkole18.edu.wroclaw.pl\/index.php\/wp-json\/wp\/v2\/users\/119"}],"replies":[{"embeddable":true,"href":"https:\/\/przedszkole18.edu.wroclaw.pl\/index.php\/wp-json\/wp\/v2\/comments?post=4297"}],"version-history":[{"count":2,"href":"https:\/\/przedszkole18.edu.wroclaw.pl\/index.php\/wp-json\/wp\/v2\/posts\/4297\/revisions"}],"predecessor-version":[{"id":4312,"href":"https:\/\/przedszkole18.edu.wroclaw.pl\/index.php\/wp-json\/wp\/v2\/posts\/4297\/revisions\/4312"}],"wp:featuredmedia":[{"embeddable":true,"href":"https:\/\/przedszkole18.edu.wroclaw.pl\/index.php\/wp-json\/wp\/v2\/media\/2055"}],"wp:attachment":[{"href":"https:\/\/przedszkole18.edu.wroclaw.pl\/index.php\/wp-json\/wp\/v2\/media?parent=4297"}],"wp:term":[{"taxonomy":"category","embeddable":true,"href":"https:\/\/przedszkole18.edu.wroclaw.pl\/index.php\/wp-json\/wp\/v2\/categories?post=4297"},{"taxonomy":"post_tag","embeddable":true,"href":"https:\/\/przedszkole18.edu.wroclaw.pl\/index.php\/wp-json\/wp\/v2\/tags?post=4297"}],"curies":[{"name":"wp","href":"https:\/\/api.w.org\/{rel}","templated":true}]}}