
{"id":4300,"date":"2021-05-31T01:17:43","date_gmt":"2021-05-30T23:17:43","guid":{"rendered":"https:\/\/przedszkole18.edu.wroclaw.pl\/?p=4300"},"modified":"2021-05-31T01:17:57","modified_gmt":"2021-05-30T23:17:57","slug":"swieto-mamy-i-taty-w-wiolinku","status":"publish","type":"post","link":"https:\/\/przedszkole18.edu.wroclaw.pl\/index.php\/2021\/05\/31\/swieto-mamy-i-taty-w-wiolinku\/","title":{"rendered":"\u015awi\u0119to Mamy i Taty w Wiolinku"},"content":{"rendered":"<p>Szanowni Pa\u0144stwo, Drodzy Rodzice,<\/p>\n<p>26 maja w naszym przedszkolu \u015bwi\u0119towali\u015bmy dzie\u0144 Mamy i Taty. Z tej okazji ka\u017cda grupa przygotowa\u0142a kr\u00f3tki wyst\u0119p artystyczny dla rodzic\u00f3w. Poniewa\u017c obowi\u0105zuj\u0105ce zasady bezpiecze\u0144stwa nadal uniemo\u017cliwiaj\u0105 nam spotkanie na \u017cywo w przedszkolu, zapraszamy do obejrzenia nagra\u0144 prezentacji wszystkich grup.<\/p>\n<p>&nbsp;<\/p>\n<p style=\"text-align: center\">Linki do film\u00f3w:<\/p>\n<ul style=\"text-align: center\">\n<li>grupa I: <a href=\"https:\/\/youtu.be\/F1o92BF3tO8\">https:\/\/youtu.be\/F1o92BF3tO8<\/a><\/li>\n<li>grupa II: <a href=\"https:\/\/youtu.be\/wRBaUzUO8yM\">https:\/\/youtu.be\/wRBaUzUO8yM<\/a><\/li>\n<li>grupa III: <a href=\"https:\/\/youtu.be\/79QVciMKD78\">https:\/\/youtu.be\/79QVciMKD78<\/a><\/li>\n<li>grupa IIIa: <a href=\"https:\/\/youtu.be\/fluJ5PxOFMI\">https:\/\/youtu.be\/fluJ5PxOFMI<\/a><\/li>\n<li>grupa IV: <a href=\"https:\/\/youtu.be\/59DTlVLKrww\">https:\/\/youtu.be\/59DTlVLKrww<\/a><\/li>\n<li>grupa IVa: <a href=\"https:\/\/youtu.be\/b6SLR9cCrBM\">https:\/\/youtu.be\/b6SLR9cCrBM<\/a><\/li>\n<\/ul>\n<p style=\"text-align: right\">nauczyciele muzyki<\/p>\n","protected":false},"excerpt":{"rendered":"<p>Szanowni Pa\u0144stwo, Drodzy Rodzice, 26 maja w naszym przedszkolu \u015bwi\u0119towali\u015bmy dzie\u0144 Mamy i Taty. Z tej okazji ka\u017cda grupa przygotowa\u0142a kr\u00f3tki wyst\u0119p artystyczny dla rodzic\u00f3w. Poniewa\u017c obowi\u0105zuj\u0105ce zasady bezpiecze\u0144stwa nadal [&hellip;]<\/p>\n","protected":false},"author":105,"featured_media":0,"comment_status":"closed","ping_status":"closed","sticky":false,"template":"","format":"standard","meta":{"ngg_post_thumbnail":0,"footnotes":""},"categories":[3],"tags":[],"class_list":["post-4300","post","type-post","status-publish","format-standard","hentry","category-aktualnosci","clearfix"],"_links":{"self":[{"href":"https:\/\/przedszkole18.edu.wroclaw.pl\/index.php\/wp-json\/wp\/v2\/posts\/4300","targetHints":{"allow":["GET"]}}],"collection":[{"href":"https:\/\/przedszkole18.edu.wroclaw.pl\/index.php\/wp-json\/wp\/v2\/posts"}],"about":[{"href":"https:\/\/przedszkole18.edu.wroclaw.pl\/index.php\/wp-json\/wp\/v2\/types\/post"}],"author":[{"embeddable":true,"href":"https:\/\/przedszkole18.edu.wroclaw.pl\/index.php\/wp-json\/wp\/v2\/users\/105"}],"replies":[{"embeddable":true,"href":"https:\/\/przedszkole18.edu.wroclaw.pl\/index.php\/wp-json\/wp\/v2\/comments?post=4300"}],"version-history":[{"count":2,"href":"https:\/\/przedszkole18.edu.wroclaw.pl\/index.php\/wp-json\/wp\/v2\/posts\/4300\/revisions"}],"predecessor-version":[{"id":4303,"href":"https:\/\/przedszkole18.edu.wroclaw.pl\/index.php\/wp-json\/wp\/v2\/posts\/4300\/revisions\/4303"}],"wp:attachment":[{"href":"https:\/\/przedszkole18.edu.wroclaw.pl\/index.php\/wp-json\/wp\/v2\/media?parent=4300"}],"wp:term":[{"taxonomy":"category","embeddable":true,"href":"https:\/\/przedszkole18.edu.wroclaw.pl\/index.php\/wp-json\/wp\/v2\/categories?post=4300"},{"taxonomy":"post_tag","embeddable":true,"href":"https:\/\/przedszkole18.edu.wroclaw.pl\/index.php\/wp-json\/wp\/v2\/tags?post=4300"}],"curies":[{"name":"wp","href":"https:\/\/api.w.org\/{rel}","templated":true}]}}