
{"id":4305,"date":"2021-05-31T01:29:26","date_gmt":"2021-05-30T23:29:26","guid":{"rendered":"https:\/\/przedszkole18.edu.wroclaw.pl\/?p=4305"},"modified":"2021-05-31T01:29:38","modified_gmt":"2021-05-30T23:29:38","slug":"koncert-wiosenny","status":"publish","type":"post","link":"https:\/\/przedszkole18.edu.wroclaw.pl\/index.php\/2021\/05\/31\/koncert-wiosenny\/","title":{"rendered":"Koncert Wiosenny"},"content":{"rendered":"<p>Szanowni Pa\u0144stwo,<\/p>\n<p>przypominamy, \u017ce w najbli\u017csz\u0105 \u015brod\u0119, 2 czerwca, w godzinach przedpo\u0142udniowych odb\u0119dzie si\u0119 nagranie<strong> &#8222;Koncertu wiosennego&#8221;<\/strong>. Na koncercie wyst\u0105pi\u0105 wszystkie dzieci, ucz\u0119szczaj\u0105ce na <strong>indywidualne <\/strong>zaj\u0119cia nauki gry na instrumencie (pianino, skrzypce, flet). Prosimy o przygotowanie w tym dniu stroj\u00f3w koncertowych dla ma\u0142ych artyst\u00f3w. Mamy nadziej\u0119, \u017ce b\u0119dzie to ju\u017c nasz ostatni koncert online i na kolejnych b\u0119dziemy mogli spotyka\u0107 si\u0119 z Pa\u0144stwem na \u017cywo.<\/p>\n<p style=\"text-align: right\">nauczyciele muzyki<\/p>\n","protected":false},"excerpt":{"rendered":"<p>Szanowni Pa\u0144stwo, przypominamy, \u017ce w najbli\u017csz\u0105 \u015brod\u0119, 2 czerwca, w godzinach przedpo\u0142udniowych odb\u0119dzie si\u0119 nagranie &#8222;Koncertu wiosennego&#8221;. Na koncercie wyst\u0105pi\u0105 wszystkie dzieci, ucz\u0119szczaj\u0105ce na indywidualne zaj\u0119cia nauki gry na instrumencie [&hellip;]<\/p>\n","protected":false},"author":105,"featured_media":3730,"comment_status":"closed","ping_status":"closed","sticky":false,"template":"","format":"standard","meta":{"ngg_post_thumbnail":0,"footnotes":""},"categories":[3],"tags":[],"class_list":["post-4305","post","type-post","status-publish","format-standard","has-post-thumbnail","hentry","category-aktualnosci","clearfix"],"_links":{"self":[{"href":"https:\/\/przedszkole18.edu.wroclaw.pl\/index.php\/wp-json\/wp\/v2\/posts\/4305","targetHints":{"allow":["GET"]}}],"collection":[{"href":"https:\/\/przedszkole18.edu.wroclaw.pl\/index.php\/wp-json\/wp\/v2\/posts"}],"about":[{"href":"https:\/\/przedszkole18.edu.wroclaw.pl\/index.php\/wp-json\/wp\/v2\/types\/post"}],"author":[{"embeddable":true,"href":"https:\/\/przedszkole18.edu.wroclaw.pl\/index.php\/wp-json\/wp\/v2\/users\/105"}],"replies":[{"embeddable":true,"href":"https:\/\/przedszkole18.edu.wroclaw.pl\/index.php\/wp-json\/wp\/v2\/comments?post=4305"}],"version-history":[{"count":2,"href":"https:\/\/przedszkole18.edu.wroclaw.pl\/index.php\/wp-json\/wp\/v2\/posts\/4305\/revisions"}],"predecessor-version":[{"id":4307,"href":"https:\/\/przedszkole18.edu.wroclaw.pl\/index.php\/wp-json\/wp\/v2\/posts\/4305\/revisions\/4307"}],"wp:featuredmedia":[{"embeddable":true,"href":"https:\/\/przedszkole18.edu.wroclaw.pl\/index.php\/wp-json\/wp\/v2\/media\/3730"}],"wp:attachment":[{"href":"https:\/\/przedszkole18.edu.wroclaw.pl\/index.php\/wp-json\/wp\/v2\/media?parent=4305"}],"wp:term":[{"taxonomy":"category","embeddable":true,"href":"https:\/\/przedszkole18.edu.wroclaw.pl\/index.php\/wp-json\/wp\/v2\/categories?post=4305"},{"taxonomy":"post_tag","embeddable":true,"href":"https:\/\/przedszkole18.edu.wroclaw.pl\/index.php\/wp-json\/wp\/v2\/tags?post=4305"}],"curies":[{"name":"wp","href":"https:\/\/api.w.org\/{rel}","templated":true}]}}