
{"id":4315,"date":"2021-05-31T16:13:22","date_gmt":"2021-05-31T14:13:22","guid":{"rendered":"https:\/\/przedszkole18.edu.wroclaw.pl\/?p=4315"},"modified":"2021-05-31T16:18:20","modified_gmt":"2021-05-31T14:18:20","slug":"dzien-dziecka","status":"publish","type":"post","link":"https:\/\/przedszkole18.edu.wroclaw.pl\/index.php\/2021\/05\/31\/dzien-dziecka\/","title":{"rendered":"DZIE\u0143 DZIECKA"},"content":{"rendered":"<p><span style=\"font-size: 24pt\"><strong><span style=\"color: #0000ff\">JU\u017b JUTRO \u015aWI\u0118TO WSZYSTKICH DZIECI.<\/span><\/strong><\/span><\/p>\n<p><span style=\"font-size: 14pt\"><strong><span style=\"color: #ff0000\">Szanowni Pa\u0144stwo, <\/span><\/strong><\/span><\/p>\n<p><span style=\"font-size: 14pt;color: #008000\"><strong>W ramach obchod\u00f3w Dnia Dziecka, je\u015bli pogoda dopisze, wszystkie przedszkolaki b\u0119d\u0105 bra\u0142y udzia\u0142 w zabawach( sportowych, plastycznych, muzycznych, modelowanie balon\u00f3w, ba\u0144ki mydlane) na terenie ogrodu przedszkolnego, kt\u00f3re rozpoczn\u0105 si\u0119 po \u015bniadaniu ok. 9.30. <\/strong><\/span><\/p>\n<p><span style=\"font-size: 14pt;color: #008000\"><strong>Jeste\u015bmy przygotowani te\u017c na wariant pesymistyczny. Wtedy wszystkie dzia\u0142ania z ogrodu &#8222;przenios\u0105 si\u0119&#8221; do sal przedszkolnych, by wsp\u00f3lnie celebrowa\u0107 to wa\u017cne \u015bwi\u0119to.<\/strong><\/span><\/p>\n<p><span style=\"font-size: 14pt;color: #008000\"><strong>Prosimy pami\u0119ta\u0107, w miar\u0119 mo\u017cliwo\u015bci o ubraniach dla dzieci w kolorach, kt\u00f3re by\u0142y wcze\u015bniej ustalone.<\/strong><\/span><\/p>\n<p><span style=\"color: #800080\"><strong>Grupa I &#8211; pomara\u0144czowy<\/strong><\/span><\/p>\n<p><span style=\"color: #800080\"><strong>Grupa II &#8211; bia\u0142e koszulki, spodnie, sp\u00f3dniczki, leginsy &#8211; kolor dowolny<\/strong><\/span><\/p>\n<p><span style=\"color: #800080\"><strong>Grupa III &#8211;\u00a0 czerwony<\/strong><\/span><\/p>\n<p><span style=\"color: #800080\"><strong>Grupa III a &#8211; \u017c\u00f3\u0142ty<\/strong><\/span><\/p>\n<p><span style=\"color: #800080\"><strong>Grupa IV &#8211; niebieski<\/strong><\/span><\/p>\n<p><span style=\"color: #800080\"><strong>Grupa IV a &#8211; zielony<\/strong><\/span><\/p>\n<p><span style=\"font-size: 14pt;color: #ff0000\"><strong>Jutrzejszy bilet wst\u0119pu do przedszkola &#8211; dobry humor<\/strong><\/span><\/p>\n<p style=\"text-align: right\"><span style=\"font-size: 14pt;color: #008000\"><strong>Nauczyciele<\/strong><\/span><\/p>\n<p><a href=\"https:\/\/przedszkole18.edu.wroclaw.pl\/wp-content\/uploads\/sites\/36\/2021\/05\/6-1.jpg\"><img loading=\"lazy\" decoding=\"async\" class=\"size-medium wp-image-4314 aligncenter\" src=\"https:\/\/przedszkole18.edu.wroclaw.pl\/wp-content\/uploads\/sites\/36\/2021\/05\/6-1-300x284.jpg\" alt=\"\" width=\"300\" height=\"284\" \/><\/a><\/p>\n","protected":false},"excerpt":{"rendered":"<p>JU\u017b JUTRO \u015aWI\u0118TO WSZYSTKICH DZIECI. Szanowni Pa\u0144stwo, W ramach obchod\u00f3w Dnia Dziecka, je\u015bli pogoda dopisze, wszystkie przedszkolaki b\u0119d\u0105 bra\u0142y udzia\u0142 w zabawach( sportowych, plastycznych, muzycznych, modelowanie balon\u00f3w, ba\u0144ki mydlane) na [&hellip;]<\/p>\n","protected":false},"author":108,"featured_media":0,"comment_status":"closed","ping_status":"closed","sticky":false,"template":"","format":"standard","meta":{"ngg_post_thumbnail":0,"footnotes":""},"categories":[3],"tags":[],"class_list":["post-4315","post","type-post","status-publish","format-standard","hentry","category-aktualnosci","clearfix"],"_links":{"self":[{"href":"https:\/\/przedszkole18.edu.wroclaw.pl\/index.php\/wp-json\/wp\/v2\/posts\/4315","targetHints":{"allow":["GET"]}}],"collection":[{"href":"https:\/\/przedszkole18.edu.wroclaw.pl\/index.php\/wp-json\/wp\/v2\/posts"}],"about":[{"href":"https:\/\/przedszkole18.edu.wroclaw.pl\/index.php\/wp-json\/wp\/v2\/types\/post"}],"author":[{"embeddable":true,"href":"https:\/\/przedszkole18.edu.wroclaw.pl\/index.php\/wp-json\/wp\/v2\/users\/108"}],"replies":[{"embeddable":true,"href":"https:\/\/przedszkole18.edu.wroclaw.pl\/index.php\/wp-json\/wp\/v2\/comments?post=4315"}],"version-history":[{"count":2,"href":"https:\/\/przedszkole18.edu.wroclaw.pl\/index.php\/wp-json\/wp\/v2\/posts\/4315\/revisions"}],"predecessor-version":[{"id":4317,"href":"https:\/\/przedszkole18.edu.wroclaw.pl\/index.php\/wp-json\/wp\/v2\/posts\/4315\/revisions\/4317"}],"wp:attachment":[{"href":"https:\/\/przedszkole18.edu.wroclaw.pl\/index.php\/wp-json\/wp\/v2\/media?parent=4315"}],"wp:term":[{"taxonomy":"category","embeddable":true,"href":"https:\/\/przedszkole18.edu.wroclaw.pl\/index.php\/wp-json\/wp\/v2\/categories?post=4315"},{"taxonomy":"post_tag","embeddable":true,"href":"https:\/\/przedszkole18.edu.wroclaw.pl\/index.php\/wp-json\/wp\/v2\/tags?post=4315"}],"curies":[{"name":"wp","href":"https:\/\/api.w.org\/{rel}","templated":true}]}}