
{"id":4322,"date":"2021-05-31T19:53:30","date_gmt":"2021-05-31T17:53:30","guid":{"rendered":"https:\/\/przedszkole18.edu.wroclaw.pl\/?p=4322"},"modified":"2021-05-31T19:53:30","modified_gmt":"2021-05-31T17:53:30","slug":"koncert-on-line-z-okazji-dnia-dziecka","status":"publish","type":"post","link":"https:\/\/przedszkole18.edu.wroclaw.pl\/index.php\/2021\/05\/31\/koncert-on-line-z-okazji-dnia-dziecka\/","title":{"rendered":"KONCERT ON &#8211; LINE Z OKAZJI DNIA DZIECKA"},"content":{"rendered":"<div>\n<div>Studenci Akademii Muzycznej im. Karola Lipi\u0144skiego we Wroc\u0142awiu sk\u0142adaj\u0105 serdeczne \u017cyczenia z okazji Dnia Dziecka i przesy\u0142aj\u0105 specjalny koncert zorganizowany on-line dla Dzieci przez Studenckie Ko\u0142o Naukowe Muzykoterapii<\/div>\n<div><\/div>\n<div><a href=\"https:\/\/tiny.cc\/wmuzycznejkrainiebajek\">https:\/\/tiny.cc\/wmuzycznejkrainiebajek<\/a><\/div>\n<div><\/div>\n<div><\/div>\n<\/div>\n<div><\/div>\n<div><\/div>\n","protected":false},"excerpt":{"rendered":"<p>Studenci Akademii Muzycznej im. Karola Lipi\u0144skiego we Wroc\u0142awiu sk\u0142adaj\u0105 serdeczne \u017cyczenia z okazji Dnia Dziecka i przesy\u0142aj\u0105 specjalny koncert zorganizowany on-line dla Dzieci przez Studenckie Ko\u0142o Naukowe Muzykoterapii https:\/\/tiny.cc\/wmuzycznejkrainiebajek<\/p>\n","protected":false},"author":108,"featured_media":0,"comment_status":"closed","ping_status":"closed","sticky":false,"template":"","format":"standard","meta":{"ngg_post_thumbnail":0,"footnotes":""},"categories":[3],"tags":[],"class_list":["post-4322","post","type-post","status-publish","format-standard","hentry","category-aktualnosci","clearfix"],"_links":{"self":[{"href":"https:\/\/przedszkole18.edu.wroclaw.pl\/index.php\/wp-json\/wp\/v2\/posts\/4322","targetHints":{"allow":["GET"]}}],"collection":[{"href":"https:\/\/przedszkole18.edu.wroclaw.pl\/index.php\/wp-json\/wp\/v2\/posts"}],"about":[{"href":"https:\/\/przedszkole18.edu.wroclaw.pl\/index.php\/wp-json\/wp\/v2\/types\/post"}],"author":[{"embeddable":true,"href":"https:\/\/przedszkole18.edu.wroclaw.pl\/index.php\/wp-json\/wp\/v2\/users\/108"}],"replies":[{"embeddable":true,"href":"https:\/\/przedszkole18.edu.wroclaw.pl\/index.php\/wp-json\/wp\/v2\/comments?post=4322"}],"version-history":[{"count":1,"href":"https:\/\/przedszkole18.edu.wroclaw.pl\/index.php\/wp-json\/wp\/v2\/posts\/4322\/revisions"}],"predecessor-version":[{"id":4323,"href":"https:\/\/przedszkole18.edu.wroclaw.pl\/index.php\/wp-json\/wp\/v2\/posts\/4322\/revisions\/4323"}],"wp:attachment":[{"href":"https:\/\/przedszkole18.edu.wroclaw.pl\/index.php\/wp-json\/wp\/v2\/media?parent=4322"}],"wp:term":[{"taxonomy":"category","embeddable":true,"href":"https:\/\/przedszkole18.edu.wroclaw.pl\/index.php\/wp-json\/wp\/v2\/categories?post=4322"},{"taxonomy":"post_tag","embeddable":true,"href":"https:\/\/przedszkole18.edu.wroclaw.pl\/index.php\/wp-json\/wp\/v2\/tags?post=4322"}],"curies":[{"name":"wp","href":"https:\/\/api.w.org\/{rel}","templated":true}]}}