
{"id":4362,"date":"2021-06-04T12:40:17","date_gmt":"2021-06-04T10:40:17","guid":{"rendered":"https:\/\/przedszkole18.edu.wroclaw.pl\/?p=4362"},"modified":"2021-06-04T12:40:17","modified_gmt":"2021-06-04T10:40:17","slug":"wazne-oplaty-2","status":"publish","type":"post","link":"https:\/\/przedszkole18.edu.wroclaw.pl\/index.php\/2021\/06\/04\/wazne-oplaty-2\/","title":{"rendered":"Wa\u017cne- op\u0142aty!"},"content":{"rendered":"<p><em><strong><span style=\"font-size: 18pt;color: #008000\">Drodzy rodzice, w dniu dzisiejszym przes\u0142an\u0105 drog\u0105 elektroniczna, odp\u0142atno\u015b\u0107 za miesi\u0105c maj. <\/span><\/strong><\/em><\/p>\n<p><em><strong><span style=\"font-size: 18pt\"><span style=\"color: #008000\">Bardzo prosz\u0119 i przypominam,\u00a0 zgodnie z podpisan\u0105\u00a0 przez Pa\u0144stwa deklaracj\u0105, op\u0142aty winny wp\u0142yn\u0105\u0107 na konto plac\u00f3wki do 15 nast\u0119pnego miesi\u0105ca, w tym przypadku do 15 czerwca.<\/span> <\/span><\/strong><\/em><\/p>\n<p><span style=\"font-size: 18pt\"><em><span style=\"color: #008080\"><strong>Dlaczego przypominam ? Zgadn\u0105\u0107 \u0142atwo, prosz\u0119 pami\u0119tajcie ! <\/strong><\/span><span style=\"color: #800080\"><strong><span style=\"font-size: 14pt\">Pozdrawiam dyrektor plac\u00f3wki. Lidia Walczak-I\u017cycka <\/span><\/strong><\/span><\/em><span style=\"color: #800080\">\u00a0<\/span><\/span><\/p>\n","protected":false},"excerpt":{"rendered":"<p>Drodzy rodzice, w dniu dzisiejszym przes\u0142an\u0105 drog\u0105 elektroniczna, odp\u0142atno\u015b\u0107 za miesi\u0105c maj. Bardzo prosz\u0119 i przypominam,\u00a0 zgodnie z podpisan\u0105\u00a0 przez Pa\u0144stwa deklaracj\u0105, op\u0142aty winny wp\u0142yn\u0105\u0107 na konto plac\u00f3wki do 15 [&hellip;]<\/p>\n","protected":false},"author":115,"featured_media":0,"comment_status":"closed","ping_status":"closed","sticky":false,"template":"","format":"standard","meta":{"ngg_post_thumbnail":0,"footnotes":""},"categories":[3],"tags":[],"class_list":["post-4362","post","type-post","status-publish","format-standard","hentry","category-aktualnosci","clearfix"],"_links":{"self":[{"href":"https:\/\/przedszkole18.edu.wroclaw.pl\/index.php\/wp-json\/wp\/v2\/posts\/4362","targetHints":{"allow":["GET"]}}],"collection":[{"href":"https:\/\/przedszkole18.edu.wroclaw.pl\/index.php\/wp-json\/wp\/v2\/posts"}],"about":[{"href":"https:\/\/przedszkole18.edu.wroclaw.pl\/index.php\/wp-json\/wp\/v2\/types\/post"}],"author":[{"embeddable":true,"href":"https:\/\/przedszkole18.edu.wroclaw.pl\/index.php\/wp-json\/wp\/v2\/users\/115"}],"replies":[{"embeddable":true,"href":"https:\/\/przedszkole18.edu.wroclaw.pl\/index.php\/wp-json\/wp\/v2\/comments?post=4362"}],"version-history":[{"count":1,"href":"https:\/\/przedszkole18.edu.wroclaw.pl\/index.php\/wp-json\/wp\/v2\/posts\/4362\/revisions"}],"predecessor-version":[{"id":4363,"href":"https:\/\/przedszkole18.edu.wroclaw.pl\/index.php\/wp-json\/wp\/v2\/posts\/4362\/revisions\/4363"}],"wp:attachment":[{"href":"https:\/\/przedszkole18.edu.wroclaw.pl\/index.php\/wp-json\/wp\/v2\/media?parent=4362"}],"wp:term":[{"taxonomy":"category","embeddable":true,"href":"https:\/\/przedszkole18.edu.wroclaw.pl\/index.php\/wp-json\/wp\/v2\/categories?post=4362"},{"taxonomy":"post_tag","embeddable":true,"href":"https:\/\/przedszkole18.edu.wroclaw.pl\/index.php\/wp-json\/wp\/v2\/tags?post=4362"}],"curies":[{"name":"wp","href":"https:\/\/api.w.org\/{rel}","templated":true}]}}