
{"id":4387,"date":"2021-06-08T17:01:36","date_gmt":"2021-06-08T15:01:36","guid":{"rendered":"https:\/\/przedszkole18.edu.wroclaw.pl\/?p=4387"},"modified":"2021-06-08T17:01:36","modified_gmt":"2021-06-08T15:01:36","slug":"rekrutacja-uzupelniajaca-do-szkol-podstawowych","status":"publish","type":"post","link":"https:\/\/przedszkole18.edu.wroclaw.pl\/index.php\/2021\/06\/08\/rekrutacja-uzupelniajaca-do-szkol-podstawowych\/","title":{"rendered":"Rekrutacja uzupe\u0142niaj\u0105ca do szk\u00f3l podstawowych."},"content":{"rendered":"<p><span style=\"font-size: 24pt;color: #008000\"><em><strong><span style=\"font-size: 14pt\">Szanowni Pa\u0144stwo,\u00a0 na pro\u015bb\u0119 Departamentu Edukacji\u00a0 zamieszczam informacje dotycz\u0105c\u0105 termin\u00f3w\u00a0 rekrutacji uzupe\u0142niaj\u0105cej do szk\u00f3\u0142 podstawowych.<\/span><\/strong><\/em><\/span><span style=\"font-size: 24pt\"><em><strong><span style=\"font-size: 14pt\"><span style=\"color: #800080\"> P<\/span><span style=\"font-size: 12pt;color: #800080\">ozdrawiam i \u017cycz\u0119 zdrowia. Dyrektor plac\u00f3wki Lidia Walczak-I\u017cycka<\/span><\/span><\/strong> <\/em><\/span><\/p>\n<p><span style=\"font-size: 14pt\"><a href=\"https:\/\/przedszkole18.edu.wroclaw.pl\/wp-content\/uploads\/sites\/36\/2021\/06\/Rekrutacja-uzupelniajaca-do-szkol.pdf\">Rekrutacja uzupe\u0142niaj\u0105ca do szk\u00f3\u0142<\/a><\/span><\/p>\n","protected":false},"excerpt":{"rendered":"<p>Szanowni Pa\u0144stwo,\u00a0 na pro\u015bb\u0119 Departamentu Edukacji\u00a0 zamieszczam informacje dotycz\u0105c\u0105 termin\u00f3w\u00a0 rekrutacji uzupe\u0142niaj\u0105cej do szk\u00f3\u0142 podstawowych. Pozdrawiam i \u017cycz\u0119 zdrowia. Dyrektor plac\u00f3wki Lidia Walczak-I\u017cycka Rekrutacja uzupe\u0142niaj\u0105ca do szk\u00f3\u0142<\/p>\n","protected":false},"author":115,"featured_media":629,"comment_status":"closed","ping_status":"closed","sticky":false,"template":"","format":"standard","meta":{"ngg_post_thumbnail":0,"footnotes":""},"categories":[3],"tags":[],"class_list":["post-4387","post","type-post","status-publish","format-standard","has-post-thumbnail","hentry","category-aktualnosci","clearfix"],"_links":{"self":[{"href":"https:\/\/przedszkole18.edu.wroclaw.pl\/index.php\/wp-json\/wp\/v2\/posts\/4387","targetHints":{"allow":["GET"]}}],"collection":[{"href":"https:\/\/przedszkole18.edu.wroclaw.pl\/index.php\/wp-json\/wp\/v2\/posts"}],"about":[{"href":"https:\/\/przedszkole18.edu.wroclaw.pl\/index.php\/wp-json\/wp\/v2\/types\/post"}],"author":[{"embeddable":true,"href":"https:\/\/przedszkole18.edu.wroclaw.pl\/index.php\/wp-json\/wp\/v2\/users\/115"}],"replies":[{"embeddable":true,"href":"https:\/\/przedszkole18.edu.wroclaw.pl\/index.php\/wp-json\/wp\/v2\/comments?post=4387"}],"version-history":[{"count":1,"href":"https:\/\/przedszkole18.edu.wroclaw.pl\/index.php\/wp-json\/wp\/v2\/posts\/4387\/revisions"}],"predecessor-version":[{"id":4388,"href":"https:\/\/przedszkole18.edu.wroclaw.pl\/index.php\/wp-json\/wp\/v2\/posts\/4387\/revisions\/4388"}],"wp:featuredmedia":[{"embeddable":true,"href":"https:\/\/przedszkole18.edu.wroclaw.pl\/index.php\/wp-json\/wp\/v2\/media\/629"}],"wp:attachment":[{"href":"https:\/\/przedszkole18.edu.wroclaw.pl\/index.php\/wp-json\/wp\/v2\/media?parent=4387"}],"wp:term":[{"taxonomy":"category","embeddable":true,"href":"https:\/\/przedszkole18.edu.wroclaw.pl\/index.php\/wp-json\/wp\/v2\/categories?post=4387"},{"taxonomy":"post_tag","embeddable":true,"href":"https:\/\/przedszkole18.edu.wroclaw.pl\/index.php\/wp-json\/wp\/v2\/tags?post=4387"}],"curies":[{"name":"wp","href":"https:\/\/api.w.org\/{rel}","templated":true}]}}