
{"id":4401,"date":"2021-06-11T15:04:49","date_gmt":"2021-06-11T13:04:49","guid":{"rendered":"https:\/\/przedszkole18.edu.wroclaw.pl\/?p=4401"},"modified":"2021-07-06T09:50:45","modified_gmt":"2021-07-06T07:50:45","slug":"dyrektor-poszukuje","status":"publish","type":"post","link":"https:\/\/przedszkole18.edu.wroclaw.pl\/index.php\/2021\/06\/11\/dyrektor-poszukuje\/","title":{"rendered":"Dyrektor- poszukuje!"},"content":{"rendered":"<p><span style=\"color: #339966\"><span style=\"color: #008000\"><em><strong><span style=\"font-size: 14pt\">Szanowni Pa\u0144stwo,\u00a0 uda\u0142o\u00a0 si\u0119,\u00a0 pozyska\u0107 dla naszych przedszkolak\u00f3w\u00a0<\/span><\/strong><\/em><\/span><em><strong><span style=\"font-size: 14pt\"><span style=\"color: #008000\"> szafki do szatni dzieci w bardzo dobrym stanie. Nasze szafki wymagaj\u0105 ju\u017c wymiany, dlatego te\u017c cieszy mnie taki fart. Zakup nowej szatni dla dzieci,\u00a0 to koszt oko\u0142o 20 ty\u015b, kt\u00f3rych niestety nie mamy, dlatego to &#8221; pozyskanie&#8221; \u00a0 jest dla nas dobrym rozwi\u0105zaniem.<\/span> <\/span><\/strong><\/em><\/span><\/p>\n<p><span style=\"color: #333399\"><em><strong><span style=\"font-size: 14pt\">Jest jednak ma\u0142y k\u0142opot, poszukuj\u0119 taniego transportu i ludzi do przewiezienia szafek do plac\u00f3wki, mo\u017ce kto\u015b z Pa\u0144stwa, dysponuje w\u0142asnym du\u017cym samochodem lub mo\u017ce kogo\u015b poleci\u0107 do pomocy przy transporcie szafek do przedszkola.\u00a0 Szafki maj\u0105 wymiar 140x 125 i jest ich 25 szt. Musz\u0119 je zabra\u0107\u00a0 z ZSP przy ul. Cz\u0119stochowskiej w terminie 01 lub 02 lipca. <\/span><\/strong><\/em><\/span><span style=\"color: #008000\"><em><strong><span style=\"font-size: 14pt\"><span style=\"color: #333399\">B\u0119d\u0119 wdzi\u0119czna za pomoc.<\/span> <\/span><\/strong><\/em><\/span><\/p>\n<p><em><strong><span style=\"font-size: 14pt;color: #0000ff\"><span style=\"color: #800080\">Tel; 728 520 159 Pozdrawiam i \u017cycz\u0119 zdrowia. Lidia Walczak-I\u017cycka<\/span><\/span><\/strong><\/em><\/p>\n","protected":false},"excerpt":{"rendered":"<p>Szanowni Pa\u0144stwo,\u00a0 uda\u0142o\u00a0 si\u0119,\u00a0 pozyska\u0107 dla naszych przedszkolak\u00f3w\u00a0 szafki do szatni dzieci w bardzo dobrym stanie. Nasze szafki wymagaj\u0105 ju\u017c wymiany, dlatego te\u017c cieszy mnie taki fart. Zakup nowej szatni [&hellip;]<\/p>\n","protected":false},"author":115,"featured_media":0,"comment_status":"closed","ping_status":"closed","sticky":false,"template":"","format":"standard","meta":{"ngg_post_thumbnail":0,"footnotes":""},"categories":[3],"tags":[],"class_list":["post-4401","post","type-post","status-publish","format-standard","hentry","category-aktualnosci","clearfix"],"_links":{"self":[{"href":"https:\/\/przedszkole18.edu.wroclaw.pl\/index.php\/wp-json\/wp\/v2\/posts\/4401","targetHints":{"allow":["GET"]}}],"collection":[{"href":"https:\/\/przedszkole18.edu.wroclaw.pl\/index.php\/wp-json\/wp\/v2\/posts"}],"about":[{"href":"https:\/\/przedszkole18.edu.wroclaw.pl\/index.php\/wp-json\/wp\/v2\/types\/post"}],"author":[{"embeddable":true,"href":"https:\/\/przedszkole18.edu.wroclaw.pl\/index.php\/wp-json\/wp\/v2\/users\/115"}],"replies":[{"embeddable":true,"href":"https:\/\/przedszkole18.edu.wroclaw.pl\/index.php\/wp-json\/wp\/v2\/comments?post=4401"}],"version-history":[{"count":3,"href":"https:\/\/przedszkole18.edu.wroclaw.pl\/index.php\/wp-json\/wp\/v2\/posts\/4401\/revisions"}],"predecessor-version":[{"id":4460,"href":"https:\/\/przedszkole18.edu.wroclaw.pl\/index.php\/wp-json\/wp\/v2\/posts\/4401\/revisions\/4460"}],"wp:attachment":[{"href":"https:\/\/przedszkole18.edu.wroclaw.pl\/index.php\/wp-json\/wp\/v2\/media?parent=4401"}],"wp:term":[{"taxonomy":"category","embeddable":true,"href":"https:\/\/przedszkole18.edu.wroclaw.pl\/index.php\/wp-json\/wp\/v2\/categories?post=4401"},{"taxonomy":"post_tag","embeddable":true,"href":"https:\/\/przedszkole18.edu.wroclaw.pl\/index.php\/wp-json\/wp\/v2\/tags?post=4401"}],"curies":[{"name":"wp","href":"https:\/\/api.w.org\/{rel}","templated":true}]}}