
{"id":4418,"date":"2021-06-17T04:48:08","date_gmt":"2021-06-17T02:48:08","guid":{"rendered":"https:\/\/przedszkole18.edu.wroclaw.pl\/?p=4418"},"modified":"2021-06-17T04:48:08","modified_gmt":"2021-06-17T02:48:08","slug":"dzien-aktywnosci-w-wiolinku","status":"publish","type":"post","link":"https:\/\/przedszkole18.edu.wroclaw.pl\/index.php\/2021\/06\/17\/dzien-aktywnosci-w-wiolinku\/","title":{"rendered":"DZIE\u0143 AKTYWNO\u015aCI W WIOLINKU"},"content":{"rendered":"<p style=\"text-align: center\"><strong><span style=\"color: #0000ff;font-size: 14pt\">W \u015brod\u0119 23. 06 w naszym\u00a0 ogrodzie przedszkolnym odb\u0119dzie si\u0119: <\/span><\/strong><\/p>\n<p style=\"text-align: center\"><span style=\"color: #ff0000\"><strong><span style=\"font-size: 24pt\">DZIE\u0143 AKTYWNO\u015aCI<\/span> <\/strong><\/span><\/p>\n<p><span style=\"color: #0000ff\"><strong><span style=\"font-size: 14pt\">Dzieci, w tym dniu, b\u0119d\u0105 bra\u0142y udzia\u0142 w r\u00f3\u017cnego rodzaju zabawach ruchowych organizowanych przez Fundacj\u0119 &#8222;Mali Wspaniali&#8221;. Zabaw\u0119 rozpoczynamy po \u015bniadaniu. Prosimy o ubranie dzieci, w tym dniu, w wygodny str\u00f3j sportowy.<\/span><\/strong><\/span><\/p>\n<p><a href=\"https:\/\/przedszkole18.edu.wroclaw.pl\/wp-content\/uploads\/sites\/36\/2021\/04\/o.jpg\"><img loading=\"lazy\" decoding=\"async\" class=\"wp-image-3792 size-full aligncenter\" src=\"https:\/\/przedszkole18.edu.wroclaw.pl\/wp-content\/uploads\/sites\/36\/2021\/04\/o.jpg\" alt=\"\" width=\"450\" height=\"288\" \/><\/a><\/p>\n<p>&nbsp;<\/p>\n","protected":false},"excerpt":{"rendered":"<p>W \u015brod\u0119 23. 06 w naszym\u00a0 ogrodzie przedszkolnym odb\u0119dzie si\u0119: DZIE\u0143 AKTYWNO\u015aCI Dzieci, w tym dniu, b\u0119d\u0105 bra\u0142y udzia\u0142 w r\u00f3\u017cnego rodzaju zabawach ruchowych organizowanych przez Fundacj\u0119 &#8222;Mali Wspaniali&#8221;. Zabaw\u0119 [&hellip;]<\/p>\n","protected":false},"author":108,"featured_media":0,"comment_status":"closed","ping_status":"closed","sticky":false,"template":"","format":"standard","meta":{"ngg_post_thumbnail":0,"footnotes":""},"categories":[3],"tags":[],"class_list":["post-4418","post","type-post","status-publish","format-standard","hentry","category-aktualnosci","clearfix"],"_links":{"self":[{"href":"https:\/\/przedszkole18.edu.wroclaw.pl\/index.php\/wp-json\/wp\/v2\/posts\/4418","targetHints":{"allow":["GET"]}}],"collection":[{"href":"https:\/\/przedszkole18.edu.wroclaw.pl\/index.php\/wp-json\/wp\/v2\/posts"}],"about":[{"href":"https:\/\/przedszkole18.edu.wroclaw.pl\/index.php\/wp-json\/wp\/v2\/types\/post"}],"author":[{"embeddable":true,"href":"https:\/\/przedszkole18.edu.wroclaw.pl\/index.php\/wp-json\/wp\/v2\/users\/108"}],"replies":[{"embeddable":true,"href":"https:\/\/przedszkole18.edu.wroclaw.pl\/index.php\/wp-json\/wp\/v2\/comments?post=4418"}],"version-history":[{"count":1,"href":"https:\/\/przedszkole18.edu.wroclaw.pl\/index.php\/wp-json\/wp\/v2\/posts\/4418\/revisions"}],"predecessor-version":[{"id":4419,"href":"https:\/\/przedszkole18.edu.wroclaw.pl\/index.php\/wp-json\/wp\/v2\/posts\/4418\/revisions\/4419"}],"wp:attachment":[{"href":"https:\/\/przedszkole18.edu.wroclaw.pl\/index.php\/wp-json\/wp\/v2\/media?parent=4418"}],"wp:term":[{"taxonomy":"category","embeddable":true,"href":"https:\/\/przedszkole18.edu.wroclaw.pl\/index.php\/wp-json\/wp\/v2\/categories?post=4418"},{"taxonomy":"post_tag","embeddable":true,"href":"https:\/\/przedszkole18.edu.wroclaw.pl\/index.php\/wp-json\/wp\/v2\/tags?post=4418"}],"curies":[{"name":"wp","href":"https:\/\/api.w.org\/{rel}","templated":true}]}}