
{"id":4448,"date":"2021-07-02T00:22:39","date_gmt":"2021-07-01T22:22:39","guid":{"rendered":"https:\/\/przedszkole18.edu.wroclaw.pl\/?p=4448"},"modified":"2021-07-02T00:28:27","modified_gmt":"2021-07-01T22:28:27","slug":"koncert-przed-wakacjami","status":"publish","type":"post","link":"https:\/\/przedszkole18.edu.wroclaw.pl\/index.php\/2021\/07\/02\/koncert-przed-wakacjami\/","title":{"rendered":"Koncert &#8222;Przed wakacjami&#8221;"},"content":{"rendered":"<p>Szanowni Pa\u0144stwo,<\/p>\n<p>Prezentujemy Pa\u0144stwu nagranie ostatniego w tym roku szkolnym koncertu naszych wychowank\u00f3w, ucz\u0119szczaj\u0105cych na indywidualne zaj\u0119cia nauki gry na instrumencie: Koncertu &#8222;Przed wakacjami&#8221;.<\/p>\n<p>Wszystkich Ma\u0142ym Artystom \u017cyczymy udanych, pe\u0142nych zabawy i niezapomnianych wra\u017ce\u0144 wakacji, a tym, kt\u00f3rzy od wrze\u015bnia rozpoczn\u0105 swoj\u0105 przygod\u0119 z nauk\u0105 w szkole (niekoniecznie muzycznej \ud83d\ude42 ) \u017cyczymy tak\u017ce dalszych sukces\u00f3w na ka\u017cdym polu dzia\u0142alno\u015bci!<\/p>\n<p style=\"text-align: right\">Nauczyciele muzyki<\/p>\n<p>&nbsp;<\/p>\n<p><a href=\"https:\/\/youtu.be\/iD1EqIoRsH8\">https:\/\/youtu.be\/iD1EqIoRsH8<\/a><\/p>\n<p>&nbsp;<\/p>\n","protected":false},"excerpt":{"rendered":"<p>Szanowni Pa\u0144stwo, Prezentujemy Pa\u0144stwu nagranie ostatniego w tym roku szkolnym koncertu naszych wychowank\u00f3w, ucz\u0119szczaj\u0105cych na indywidualne zaj\u0119cia nauki gry na instrumencie: Koncertu &#8222;Przed wakacjami&#8221;. Wszystkich Ma\u0142ym Artystom \u017cyczymy udanych, pe\u0142nych [&hellip;]<\/p>\n","protected":false},"author":105,"featured_media":3730,"comment_status":"closed","ping_status":"closed","sticky":false,"template":"","format":"video","meta":{"ngg_post_thumbnail":0,"footnotes":""},"categories":[3,1],"tags":[],"class_list":["post-4448","post","type-post","status-publish","format-video","has-post-thumbnail","hentry","category-aktualnosci","category-bez-kategorii","post_format-post-format-video","clearfix"],"_links":{"self":[{"href":"https:\/\/przedszkole18.edu.wroclaw.pl\/index.php\/wp-json\/wp\/v2\/posts\/4448","targetHints":{"allow":["GET"]}}],"collection":[{"href":"https:\/\/przedszkole18.edu.wroclaw.pl\/index.php\/wp-json\/wp\/v2\/posts"}],"about":[{"href":"https:\/\/przedszkole18.edu.wroclaw.pl\/index.php\/wp-json\/wp\/v2\/types\/post"}],"author":[{"embeddable":true,"href":"https:\/\/przedszkole18.edu.wroclaw.pl\/index.php\/wp-json\/wp\/v2\/users\/105"}],"replies":[{"embeddable":true,"href":"https:\/\/przedszkole18.edu.wroclaw.pl\/index.php\/wp-json\/wp\/v2\/comments?post=4448"}],"version-history":[{"count":5,"href":"https:\/\/przedszkole18.edu.wroclaw.pl\/index.php\/wp-json\/wp\/v2\/posts\/4448\/revisions"}],"predecessor-version":[{"id":4453,"href":"https:\/\/przedszkole18.edu.wroclaw.pl\/index.php\/wp-json\/wp\/v2\/posts\/4448\/revisions\/4453"}],"wp:featuredmedia":[{"embeddable":true,"href":"https:\/\/przedszkole18.edu.wroclaw.pl\/index.php\/wp-json\/wp\/v2\/media\/3730"}],"wp:attachment":[{"href":"https:\/\/przedszkole18.edu.wroclaw.pl\/index.php\/wp-json\/wp\/v2\/media?parent=4448"}],"wp:term":[{"taxonomy":"category","embeddable":true,"href":"https:\/\/przedszkole18.edu.wroclaw.pl\/index.php\/wp-json\/wp\/v2\/categories?post=4448"},{"taxonomy":"post_tag","embeddable":true,"href":"https:\/\/przedszkole18.edu.wroclaw.pl\/index.php\/wp-json\/wp\/v2\/tags?post=4448"}],"curies":[{"name":"wp","href":"https:\/\/api.w.org\/{rel}","templated":true}]}}