
{"id":4454,"date":"2021-07-02T14:41:17","date_gmt":"2021-07-02T12:41:17","guid":{"rendered":"https:\/\/przedszkole18.edu.wroclaw.pl\/?p=4454"},"modified":"2021-07-02T14:42:58","modified_gmt":"2021-07-02T12:42:58","slug":"czas-pobytu-dzieci","status":"publish","type":"post","link":"https:\/\/przedszkole18.edu.wroclaw.pl\/index.php\/2021\/07\/02\/czas-pobytu-dzieci\/","title":{"rendered":"Czas pobytu dzieci!"},"content":{"rendered":"<p><span style=\"font-size: 18pt\"><em><span style=\"color: #ff0000\">Szanowni Pa\u0144stwo! <\/span><\/em><\/span><\/p>\n<p><em><span style=\"color: #800080;font-size: 18pt\">Lipiec to czas pracy zgodny z procedurami,\u00a0 prosz\u0119 zatem pami\u0119ta\u0107, czas przyjmowania dzieci 6.30- 8.30 !\u00a0 <\/span><\/em><\/p>\n<p><span style=\"font-size: 18pt\"><em><span style=\"color: #3366ff\">W dniu wczorajszym na podane w deklaracjach adresy e-mail,\u00a0 otrzymali\u015bcie Pa\u0144stwo, informacj\u0119 o odp\u0142atno\u015bci za miesi\u0105c 06.2021. Przypominam, \u017ce op\u0142ata winna by\u0107 na koncie plac\u00f3wki, nie p\u00f3\u017aniej ni\u017c\u00a0 do 15. 07.2021r. <\/span><\/em><\/span><\/p>\n<p><span style=\"font-size: 18pt\"><em><span style=\"color: #3366ff\"> Dzieci ucz\u0119szczaj\u0105ce do przedszkola w lipcu,\u00a0 op\u0142ata za lipiec winna by\u0107 na koncie do 15.08.2021r. Tak dzia\u0142a ten\u00a0 mechanizm\u00a0 i prosz\u0119 o tym pami\u0119ta\u0107, p\u0142acimy za miesi\u0105c, kt\u00f3ry ju\u017c min\u0105\u0142.<\/span> <\/em><\/span><\/p>\n<p><span style=\"color: #339966;font-size: 18pt\"><em>Ponadto Szanowni Pa\u0144stwo! To przykre,\u00a0 dziwi mnie fakt braku szacunku do pieni\u0119dzy, kt\u00f3re zarabiacie!\u00a0 Brak odbicia w czytniku,\u00a0 zwi\u0119ksza Pa\u0144stwa op\u0142aty, a mnie przysparza dodatkowej pracy. Przypominam zatem o odbijaniu <strong><span style=\"color: #0000ff\">niebieskiej pestki<\/span><\/strong> w systemie, niezale\u017cnie od grupy wiekowej!<\/em> <\/span><\/p>\n<p><span style=\"font-size: 14pt;color: #800080\"><em>Pozdrawiam i \u017cycz\u0119 zdrowia. Lidia Walczak-I\u017cycka. \u00a0 <\/em><\/span><\/p>\n","protected":false},"excerpt":{"rendered":"<p>Szanowni Pa\u0144stwo! Lipiec to czas pracy zgodny z procedurami,\u00a0 prosz\u0119 zatem pami\u0119ta\u0107, czas przyjmowania dzieci 6.30- 8.30 !\u00a0 W dniu wczorajszym na podane w deklaracjach adresy e-mail,\u00a0 otrzymali\u015bcie Pa\u0144stwo, informacj\u0119 [&hellip;]<\/p>\n","protected":false},"author":115,"featured_media":2252,"comment_status":"closed","ping_status":"closed","sticky":false,"template":"","format":"standard","meta":{"ngg_post_thumbnail":0,"footnotes":""},"categories":[3],"tags":[],"class_list":["post-4454","post","type-post","status-publish","format-standard","has-post-thumbnail","hentry","category-aktualnosci","clearfix"],"_links":{"self":[{"href":"https:\/\/przedszkole18.edu.wroclaw.pl\/index.php\/wp-json\/wp\/v2\/posts\/4454","targetHints":{"allow":["GET"]}}],"collection":[{"href":"https:\/\/przedszkole18.edu.wroclaw.pl\/index.php\/wp-json\/wp\/v2\/posts"}],"about":[{"href":"https:\/\/przedszkole18.edu.wroclaw.pl\/index.php\/wp-json\/wp\/v2\/types\/post"}],"author":[{"embeddable":true,"href":"https:\/\/przedszkole18.edu.wroclaw.pl\/index.php\/wp-json\/wp\/v2\/users\/115"}],"replies":[{"embeddable":true,"href":"https:\/\/przedszkole18.edu.wroclaw.pl\/index.php\/wp-json\/wp\/v2\/comments?post=4454"}],"version-history":[{"count":2,"href":"https:\/\/przedszkole18.edu.wroclaw.pl\/index.php\/wp-json\/wp\/v2\/posts\/4454\/revisions"}],"predecessor-version":[{"id":4456,"href":"https:\/\/przedszkole18.edu.wroclaw.pl\/index.php\/wp-json\/wp\/v2\/posts\/4454\/revisions\/4456"}],"wp:featuredmedia":[{"embeddable":true,"href":"https:\/\/przedszkole18.edu.wroclaw.pl\/index.php\/wp-json\/wp\/v2\/media\/2252"}],"wp:attachment":[{"href":"https:\/\/przedszkole18.edu.wroclaw.pl\/index.php\/wp-json\/wp\/v2\/media?parent=4454"}],"wp:term":[{"taxonomy":"category","embeddable":true,"href":"https:\/\/przedszkole18.edu.wroclaw.pl\/index.php\/wp-json\/wp\/v2\/categories?post=4454"},{"taxonomy":"post_tag","embeddable":true,"href":"https:\/\/przedszkole18.edu.wroclaw.pl\/index.php\/wp-json\/wp\/v2\/tags?post=4454"}],"curies":[{"name":"wp","href":"https:\/\/api.w.org\/{rel}","templated":true}]}}