
{"id":4494,"date":"2021-07-09T16:06:07","date_gmt":"2021-07-09T14:06:07","guid":{"rendered":"https:\/\/przedszkole18.edu.wroclaw.pl\/?p=4494"},"modified":"2021-07-09T16:06:07","modified_gmt":"2021-07-09T14:06:07","slug":"nasza-nowa-szatnia","status":"publish","type":"post","link":"https:\/\/przedszkole18.edu.wroclaw.pl\/index.php\/2021\/07\/09\/nasza-nowa-szatnia\/","title":{"rendered":"Nasza nowa szatnia!"},"content":{"rendered":"<p><span style=\"font-size: 14pt;color: #000080\"><em><strong>Szanowni Pa\u0144stwo, mamy ju\u017c now\u0105 szatni\u0119. Z rozm\u00f3w z dzie\u0107mi wiemy, \u017ce s\u0105 zadowolone,\u00a0 a nawet zachwycone jej wygl\u0105dem.\u00a0 To jeszcze\u00a0 bardziej\u00a0 cieszy!\u00a0 Dzi\u0119kuj\u0119 wszystkim zaanga\u017cowanym w pomoc,\u00a0 zar\u00f3wno rodzicom jak i pracownikom przedszkola, kt\u00f3rzy przyczynili si\u0119 do naszego nowego, \u0142adnego i funkcjonalnego wygl\u0105du szatni.\u00a0<\/strong><\/em><\/span><\/p>\n<p><img loading=\"lazy\" decoding=\"async\" class=\"alignnone size-medium wp-image-4480\" src=\"https:\/\/przedszkole18.edu.wroclaw.pl\/wp-content\/uploads\/sites\/36\/2021\/07\/1-225x300.jpg\" alt=\"\" width=\"225\" height=\"300\" \/><img loading=\"lazy\" decoding=\"async\" class=\"alignnone size-medium wp-image-4481\" src=\"https:\/\/przedszkole18.edu.wroclaw.pl\/wp-content\/uploads\/sites\/36\/2021\/07\/2-225x300.jpg\" alt=\"\" width=\"225\" height=\"300\" \/><img loading=\"lazy\" decoding=\"async\" class=\"alignnone size-medium wp-image-4482\" src=\"https:\/\/przedszkole18.edu.wroclaw.pl\/wp-content\/uploads\/sites\/36\/2021\/07\/3-1-225x300.jpg\" alt=\"\" width=\"225\" height=\"300\" \/><img loading=\"lazy\" decoding=\"async\" class=\"alignnone size-medium wp-image-4483\" src=\"https:\/\/przedszkole18.edu.wroclaw.pl\/wp-content\/uploads\/sites\/36\/2021\/07\/4-225x300.jpg\" alt=\"\" width=\"225\" height=\"300\" \/><img loading=\"lazy\" decoding=\"async\" class=\"alignnone size-medium wp-image-4484\" src=\"https:\/\/przedszkole18.edu.wroclaw.pl\/wp-content\/uploads\/sites\/36\/2021\/07\/5-225x300.jpg\" alt=\"\" width=\"225\" height=\"300\" \/><img loading=\"lazy\" decoding=\"async\" class=\"alignnone size-medium wp-image-4486\" src=\"https:\/\/przedszkole18.edu.wroclaw.pl\/wp-content\/uploads\/sites\/36\/2021\/07\/8-1-225x300.jpg\" alt=\"\" width=\"225\" height=\"300\" \/><\/p>\n<p><span style=\"color: #800080\"><em><strong><span style=\"font-size: 14pt\">Uda\u0142o si\u0119 tak\u017ce pozyska\u0107 2 zestawy ciekawych mebli &#8211; domk\u00f3w, kt\u00f3re wykorzystamy do przechowywania ksi\u0105\u017cek dla dzieci,\u00a0 b\u0105d\u017a materia\u0142\u00f3w pomocnych przy organizowaniu zaj\u0119\u0107 plastycznych.<\/span><\/strong><\/em><\/span><\/p>\n<p><img loading=\"lazy\" decoding=\"async\" class=\"alignnone size-medium wp-image-4485\" src=\"https:\/\/przedszkole18.edu.wroclaw.pl\/wp-content\/uploads\/sites\/36\/2021\/07\/7-1-225x300.jpg\" alt=\"\" width=\"225\" height=\"300\" \/><\/p>\n<p>&nbsp;<\/p>\n<p><span style=\"font-size: 14pt\"><em><span style=\"color: #008000\"> Pozdrawiam i \u017cycz\u0119 zdrowia. Dyrektor plac\u00f3wki Lidia Walczak-I\u017cycka\u00a0<\/span> <\/em><\/span><\/p>\n","protected":false},"excerpt":{"rendered":"<p>Szanowni Pa\u0144stwo, mamy ju\u017c now\u0105 szatni\u0119. Z rozm\u00f3w z dzie\u0107mi wiemy, \u017ce s\u0105 zadowolone,\u00a0 a nawet zachwycone jej wygl\u0105dem.\u00a0 To jeszcze\u00a0 bardziej\u00a0 cieszy!\u00a0 Dzi\u0119kuj\u0119 wszystkim zaanga\u017cowanym w pomoc,\u00a0 zar\u00f3wno rodzicom [&hellip;]<\/p>\n","protected":false},"author":115,"featured_media":2003,"comment_status":"closed","ping_status":"closed","sticky":false,"template":"","format":"standard","meta":{"ngg_post_thumbnail":0,"footnotes":""},"categories":[3],"tags":[],"class_list":["post-4494","post","type-post","status-publish","format-standard","has-post-thumbnail","hentry","category-aktualnosci","clearfix"],"_links":{"self":[{"href":"https:\/\/przedszkole18.edu.wroclaw.pl\/index.php\/wp-json\/wp\/v2\/posts\/4494","targetHints":{"allow":["GET"]}}],"collection":[{"href":"https:\/\/przedszkole18.edu.wroclaw.pl\/index.php\/wp-json\/wp\/v2\/posts"}],"about":[{"href":"https:\/\/przedszkole18.edu.wroclaw.pl\/index.php\/wp-json\/wp\/v2\/types\/post"}],"author":[{"embeddable":true,"href":"https:\/\/przedszkole18.edu.wroclaw.pl\/index.php\/wp-json\/wp\/v2\/users\/115"}],"replies":[{"embeddable":true,"href":"https:\/\/przedszkole18.edu.wroclaw.pl\/index.php\/wp-json\/wp\/v2\/comments?post=4494"}],"version-history":[{"count":1,"href":"https:\/\/przedszkole18.edu.wroclaw.pl\/index.php\/wp-json\/wp\/v2\/posts\/4494\/revisions"}],"predecessor-version":[{"id":4495,"href":"https:\/\/przedszkole18.edu.wroclaw.pl\/index.php\/wp-json\/wp\/v2\/posts\/4494\/revisions\/4495"}],"wp:featuredmedia":[{"embeddable":true,"href":"https:\/\/przedszkole18.edu.wroclaw.pl\/index.php\/wp-json\/wp\/v2\/media\/2003"}],"wp:attachment":[{"href":"https:\/\/przedszkole18.edu.wroclaw.pl\/index.php\/wp-json\/wp\/v2\/media?parent=4494"}],"wp:term":[{"taxonomy":"category","embeddable":true,"href":"https:\/\/przedszkole18.edu.wroclaw.pl\/index.php\/wp-json\/wp\/v2\/categories?post=4494"},{"taxonomy":"post_tag","embeddable":true,"href":"https:\/\/przedszkole18.edu.wroclaw.pl\/index.php\/wp-json\/wp\/v2\/tags?post=4494"}],"curies":[{"name":"wp","href":"https:\/\/api.w.org\/{rel}","templated":true}]}}