
{"id":4497,"date":"2021-07-09T16:28:43","date_gmt":"2021-07-09T14:28:43","guid":{"rendered":"https:\/\/przedszkole18.edu.wroclaw.pl\/?p=4497"},"modified":"2021-07-09T16:29:50","modified_gmt":"2021-07-09T14:29:50","slug":"wazne-7","status":"publish","type":"post","link":"https:\/\/przedszkole18.edu.wroclaw.pl\/index.php\/2021\/07\/09\/wazne-7\/","title":{"rendered":"WA\u017bNE!"},"content":{"rendered":"<p><span style=\"font-size: 18pt;color: #ff0000\"><em><strong>Drodzy rodzice!\u00a0<\/strong><\/em><\/span><\/p>\n<p><em><span style=\"font-size: 14pt;color: #3366ff\"> Dosta\u0142am informacj\u0119 od rodzic\u00f3w, \u017ce we w\u0142osach dziecka stwierdzono ma\u0142e zwierz\u0105tka- wsza g\u0142owowa. W zwi\u0105zku z powy\u017cszym prosz\u0119 rodzic\u00f3w\u00a0 o:\u00a0<\/span><\/em><\/p>\n<p><em><span style=\"color: #3366ff\"><span style=\"font-size: 14pt\"> sprawdzenie g\u0142\u00f3w swoich dzieci, <\/span><span style=\"font-size: 14pt\">stosowanie \u015brodk\u00f3w zapobiegaj\u0105cych takim sytuacjom,\u00a0 dost\u0119pnych w aptekach. <\/span><\/span><\/em><\/p>\n<p><em><span style=\"font-size: 14pt;color: #3366ff\">W sytuacji bardzo trudnej, by nie nara\u017ca\u0107 innych, \u00a0 prosz\u0119 zatrzyma\u0107 dziecko w domu,\u00a0 do czasu pozbycia si\u0119 problemu.<\/span><\/em><\/p>\n<p><em><span style=\"font-size: 14pt;color: #008000\"><span style=\"font-size: 12pt\"> Pozdrawiam dyrektor plac\u00f3wki Lidia Walczak-I\u017cycka<\/span> <\/span><\/em><\/p>\n","protected":false},"excerpt":{"rendered":"<p>Drodzy rodzice!\u00a0 Dosta\u0142am informacj\u0119 od rodzic\u00f3w, \u017ce we w\u0142osach dziecka stwierdzono ma\u0142e zwierz\u0105tka- wsza g\u0142owowa. W zwi\u0105zku z powy\u017cszym prosz\u0119 rodzic\u00f3w\u00a0 o:\u00a0 sprawdzenie g\u0142\u00f3w swoich dzieci, stosowanie \u015brodk\u00f3w zapobiegaj\u0105cych takim [&hellip;]<\/p>\n","protected":false},"author":115,"featured_media":1727,"comment_status":"closed","ping_status":"closed","sticky":false,"template":"","format":"standard","meta":{"ngg_post_thumbnail":0,"footnotes":""},"categories":[3],"tags":[],"class_list":["post-4497","post","type-post","status-publish","format-standard","has-post-thumbnail","hentry","category-aktualnosci","clearfix"],"_links":{"self":[{"href":"https:\/\/przedszkole18.edu.wroclaw.pl\/index.php\/wp-json\/wp\/v2\/posts\/4497","targetHints":{"allow":["GET"]}}],"collection":[{"href":"https:\/\/przedszkole18.edu.wroclaw.pl\/index.php\/wp-json\/wp\/v2\/posts"}],"about":[{"href":"https:\/\/przedszkole18.edu.wroclaw.pl\/index.php\/wp-json\/wp\/v2\/types\/post"}],"author":[{"embeddable":true,"href":"https:\/\/przedszkole18.edu.wroclaw.pl\/index.php\/wp-json\/wp\/v2\/users\/115"}],"replies":[{"embeddable":true,"href":"https:\/\/przedszkole18.edu.wroclaw.pl\/index.php\/wp-json\/wp\/v2\/comments?post=4497"}],"version-history":[{"count":2,"href":"https:\/\/przedszkole18.edu.wroclaw.pl\/index.php\/wp-json\/wp\/v2\/posts\/4497\/revisions"}],"predecessor-version":[{"id":4499,"href":"https:\/\/przedszkole18.edu.wroclaw.pl\/index.php\/wp-json\/wp\/v2\/posts\/4497\/revisions\/4499"}],"wp:featuredmedia":[{"embeddable":true,"href":"https:\/\/przedszkole18.edu.wroclaw.pl\/index.php\/wp-json\/wp\/v2\/media\/1727"}],"wp:attachment":[{"href":"https:\/\/przedszkole18.edu.wroclaw.pl\/index.php\/wp-json\/wp\/v2\/media?parent=4497"}],"wp:term":[{"taxonomy":"category","embeddable":true,"href":"https:\/\/przedszkole18.edu.wroclaw.pl\/index.php\/wp-json\/wp\/v2\/categories?post=4497"},{"taxonomy":"post_tag","embeddable":true,"href":"https:\/\/przedszkole18.edu.wroclaw.pl\/index.php\/wp-json\/wp\/v2\/tags?post=4497"}],"curies":[{"name":"wp","href":"https:\/\/api.w.org\/{rel}","templated":true}]}}