
{"id":4512,"date":"2021-07-15T18:03:50","date_gmt":"2021-07-15T16:03:50","guid":{"rendered":"https:\/\/przedszkole18.edu.wroclaw.pl\/?p=4512"},"modified":"2021-07-15T18:03:50","modified_gmt":"2021-07-15T16:03:50","slug":"wakacyjne-zajecia","status":"publish","type":"post","link":"https:\/\/przedszkole18.edu.wroclaw.pl\/index.php\/2021\/07\/15\/wakacyjne-zajecia\/","title":{"rendered":"WAKACYJNE ZAJ\u0118CIA"},"content":{"rendered":"<p><span style=\"font-size: 18pt;color: #0000ff\"><strong>W lipcu ,codziennie,opr\u00f3cz zabaw organizowanych przez nauczycielki poszczeg\u00f3lnych grup, wszystkie przedszkolaki uczestnicz\u0105 w zaj\u0119ciach umuzykalniaj\u0105cych prowadzonych przez nauczycieli muzyki. <\/strong><\/span><\/p>\n<p><a href=\"https:\/\/przedszkole18.edu.wroclaw.pl\/wp-content\/uploads\/sites\/36\/2021\/04\/piano-2412410_1920.jpg\"><img loading=\"lazy\" decoding=\"async\" class=\"size-medium wp-image-3732 aligncenter\" src=\"https:\/\/przedszkole18.edu.wroclaw.pl\/wp-content\/uploads\/sites\/36\/2021\/04\/piano-2412410_1920-300x225.jpg\" alt=\"\" width=\"300\" height=\"225\" srcset=\"https:\/\/przedszkole18.edu.wroclaw.pl\/wp-content\/uploads\/sites\/36\/2021\/04\/piano-2412410_1920-300x225.jpg 300w, https:\/\/przedszkole18.edu.wroclaw.pl\/wp-content\/uploads\/sites\/36\/2021\/04\/piano-2412410_1920-1024x768.jpg 1024w, https:\/\/przedszkole18.edu.wroclaw.pl\/wp-content\/uploads\/sites\/36\/2021\/04\/piano-2412410_1920-768x576.jpg 768w, https:\/\/przedszkole18.edu.wroclaw.pl\/wp-content\/uploads\/sites\/36\/2021\/04\/piano-2412410_1920-600x450.jpg 600w, https:\/\/przedszkole18.edu.wroclaw.pl\/wp-content\/uploads\/sites\/36\/2021\/04\/piano-2412410_1920-1536x1152.jpg 1536w, https:\/\/przedszkole18.edu.wroclaw.pl\/wp-content\/uploads\/sites\/36\/2021\/04\/piano-2412410_1920-624x468.jpg 624w, https:\/\/przedszkole18.edu.wroclaw.pl\/wp-content\/uploads\/sites\/36\/2021\/04\/piano-2412410_1920.jpg 1920w\" sizes=\"auto, (max-width: 300px) 100vw, 300px\" \/><\/a><\/p>\n<p><span style=\"color: #008000\"><strong><span style=\"font-size: 18pt\">Dwa razy w tygodniu (poniedzia\u0142ek, pi\u0105tek) odbywaj\u0105 si\u0119\u00a0 zaj\u0119cia og\u00f3lnorozwojowe z elementami karate prowadzone przez instruktork\u0119 Fundacji &#8222;Mali Wspaniali&#8221;<\/span><\/strong><\/span><\/p>\n<p><a href=\"https:\/\/przedszkole18.edu.wroclaw.pl\/wp-content\/uploads\/sites\/36\/2021\/06\/mali1.jpg\"><img loading=\"lazy\" decoding=\"async\" class=\"size-medium wp-image-4415 aligncenter\" src=\"https:\/\/przedszkole18.edu.wroclaw.pl\/wp-content\/uploads\/sites\/36\/2021\/06\/mali1-300x167.jpg\" alt=\"\" width=\"300\" height=\"167\" \/><\/a><\/p>\n","protected":false},"excerpt":{"rendered":"<p>W lipcu ,codziennie,opr\u00f3cz zabaw organizowanych przez nauczycielki poszczeg\u00f3lnych grup, wszystkie przedszkolaki uczestnicz\u0105 w zaj\u0119ciach umuzykalniaj\u0105cych prowadzonych przez nauczycieli muzyki. Dwa razy w tygodniu (poniedzia\u0142ek, pi\u0105tek) odbywaj\u0105 si\u0119\u00a0 zaj\u0119cia og\u00f3lnorozwojowe z [&hellip;]<\/p>\n","protected":false},"author":108,"featured_media":0,"comment_status":"closed","ping_status":"closed","sticky":false,"template":"","format":"standard","meta":{"ngg_post_thumbnail":0,"footnotes":""},"categories":[3],"tags":[],"class_list":["post-4512","post","type-post","status-publish","format-standard","hentry","category-aktualnosci","clearfix"],"_links":{"self":[{"href":"https:\/\/przedszkole18.edu.wroclaw.pl\/index.php\/wp-json\/wp\/v2\/posts\/4512","targetHints":{"allow":["GET"]}}],"collection":[{"href":"https:\/\/przedszkole18.edu.wroclaw.pl\/index.php\/wp-json\/wp\/v2\/posts"}],"about":[{"href":"https:\/\/przedszkole18.edu.wroclaw.pl\/index.php\/wp-json\/wp\/v2\/types\/post"}],"author":[{"embeddable":true,"href":"https:\/\/przedszkole18.edu.wroclaw.pl\/index.php\/wp-json\/wp\/v2\/users\/108"}],"replies":[{"embeddable":true,"href":"https:\/\/przedszkole18.edu.wroclaw.pl\/index.php\/wp-json\/wp\/v2\/comments?post=4512"}],"version-history":[{"count":1,"href":"https:\/\/przedszkole18.edu.wroclaw.pl\/index.php\/wp-json\/wp\/v2\/posts\/4512\/revisions"}],"predecessor-version":[{"id":4513,"href":"https:\/\/przedszkole18.edu.wroclaw.pl\/index.php\/wp-json\/wp\/v2\/posts\/4512\/revisions\/4513"}],"wp:attachment":[{"href":"https:\/\/przedszkole18.edu.wroclaw.pl\/index.php\/wp-json\/wp\/v2\/media?parent=4512"}],"wp:term":[{"taxonomy":"category","embeddable":true,"href":"https:\/\/przedszkole18.edu.wroclaw.pl\/index.php\/wp-json\/wp\/v2\/categories?post=4512"},{"taxonomy":"post_tag","embeddable":true,"href":"https:\/\/przedszkole18.edu.wroclaw.pl\/index.php\/wp-json\/wp\/v2\/tags?post=4512"}],"curies":[{"name":"wp","href":"https:\/\/api.w.org\/{rel}","templated":true}]}}