
{"id":4550,"date":"2021-07-30T14:46:59","date_gmt":"2021-07-30T12:46:59","guid":{"rendered":"https:\/\/przedszkole18.edu.wroclaw.pl\/?p=4550"},"modified":"2021-07-30T14:48:48","modified_gmt":"2021-07-30T12:48:48","slug":"wakacje","status":"publish","type":"post","link":"https:\/\/przedszkole18.edu.wroclaw.pl\/index.php\/2021\/07\/30\/wakacje\/","title":{"rendered":"Wakacje!"},"content":{"rendered":"<p><em><strong><span style=\"font-size: 18pt;color: #800000\">Kochane dzieci, szanowni Pa\u0144stwo i oczywi\u015bcie niezawodni pracownicy &#8222;Wiolinka &#8221;<br \/>\n<\/span><\/strong><\/em><\/p>\n<p><strong><em><span style=\"font-size: 18pt;color: #ff6600\"> Wszystkim Wam,\u00a0 dzi\u0119kuj\u0119 za oddanie, pomoc i zrozumienie. Mamy za sob\u0105 trudny i d\u0142ugi rok szkolny,\u00a0 dlatego te\u017c,\u00a0<\/span><\/em><\/strong><strong><em><span style=\"font-size: 18pt;color: #ff6600\"> wszystkim nale\u017cy si\u0119 odrobina oddechu.\u00a0<\/span><\/em><\/strong><\/p>\n<p><strong><em><span style=\"font-size: 18pt;color: #ff6600\"> \u017bycz\u0119\u00a0\u00a0 spokoju, s\u0142o\u0144ca, zdrowia\u00a0 i je\u015bli to mo\u017cliwe ciekawych wyjazd\u00f3w, albo\u00a0 b\u0142ogiego nic nie robienia,\u00a0 niech trwa jak najd\u0142u\u017cej. <img loading=\"lazy\" decoding=\"async\" class=\"alignnone size-full wp-image-2003\" src=\"https:\/\/przedszkole18.edu.wroclaw.pl\/wp-content\/uploads\/sites\/36\/2020\/06\/images.jpg\" alt=\"\" width=\"276\" height=\"183\" \/><\/span><\/em><\/strong><\/p>\n<p><strong><em><span style=\"font-size: 18pt;color: #ff6600\">\u00a0<span style=\"color: #0000ff;font-size: 14pt\"><span style=\"color: #ff99cc\">Pozdrawiam gor\u0105co i do zobaczenia we w\u0142a\u015bciwym czasie.\u00a0 Lidia Walczak-I\u017cycka<\/span> <\/span><\/span><\/em><\/strong><\/p>\n","protected":false},"excerpt":{"rendered":"<p>Kochane dzieci, szanowni Pa\u0144stwo i oczywi\u015bcie niezawodni pracownicy &#8222;Wiolinka &#8221; Wszystkim Wam,\u00a0 dzi\u0119kuj\u0119 za oddanie, pomoc i zrozumienie. Mamy za sob\u0105 trudny i d\u0142ugi rok szkolny,\u00a0 dlatego te\u017c,\u00a0 wszystkim nale\u017cy [&hellip;]<\/p>\n","protected":false},"author":115,"featured_media":0,"comment_status":"closed","ping_status":"closed","sticky":false,"template":"","format":"standard","meta":{"ngg_post_thumbnail":0,"footnotes":""},"categories":[3],"tags":[],"class_list":["post-4550","post","type-post","status-publish","format-standard","hentry","category-aktualnosci","clearfix"],"_links":{"self":[{"href":"https:\/\/przedszkole18.edu.wroclaw.pl\/index.php\/wp-json\/wp\/v2\/posts\/4550","targetHints":{"allow":["GET"]}}],"collection":[{"href":"https:\/\/przedszkole18.edu.wroclaw.pl\/index.php\/wp-json\/wp\/v2\/posts"}],"about":[{"href":"https:\/\/przedszkole18.edu.wroclaw.pl\/index.php\/wp-json\/wp\/v2\/types\/post"}],"author":[{"embeddable":true,"href":"https:\/\/przedszkole18.edu.wroclaw.pl\/index.php\/wp-json\/wp\/v2\/users\/115"}],"replies":[{"embeddable":true,"href":"https:\/\/przedszkole18.edu.wroclaw.pl\/index.php\/wp-json\/wp\/v2\/comments?post=4550"}],"version-history":[{"count":2,"href":"https:\/\/przedszkole18.edu.wroclaw.pl\/index.php\/wp-json\/wp\/v2\/posts\/4550\/revisions"}],"predecessor-version":[{"id":4552,"href":"https:\/\/przedszkole18.edu.wroclaw.pl\/index.php\/wp-json\/wp\/v2\/posts\/4550\/revisions\/4552"}],"wp:attachment":[{"href":"https:\/\/przedszkole18.edu.wroclaw.pl\/index.php\/wp-json\/wp\/v2\/media?parent=4550"}],"wp:term":[{"taxonomy":"category","embeddable":true,"href":"https:\/\/przedszkole18.edu.wroclaw.pl\/index.php\/wp-json\/wp\/v2\/categories?post=4550"},{"taxonomy":"post_tag","embeddable":true,"href":"https:\/\/przedszkole18.edu.wroclaw.pl\/index.php\/wp-json\/wp\/v2\/tags?post=4550"}],"curies":[{"name":"wp","href":"https:\/\/api.w.org\/{rel}","templated":true}]}}